{"id":34609,"date":"2026-04-14T07:13:37","date_gmt":"2026-04-14T05:13:37","guid":{"rendered":"https:\/\/diocese-lgf.ch\/?post_type=revue-de-presse&#038;p=34609"},"modified":"2026-04-14T07:13:37","modified_gmt":"2026-04-14T05:13:37","slug":"donald-trump-sen-prend-violemment-a-leon-xiv-apres-ses-critiques-de-la-guerre","status":"publish","type":"revue-de-presse","link":"https:\/\/diocese-lgf.ch\/de\/medienspiegel_de\/donald-trump-sen-prend-violemment-a-leon-xiv-apres-ses-critiques-de-la-guerre\/","title":{"rendered":"Donald Trump s\u2019en prend violemment \u00e0 L\u00e9on XIV apr\u00e8s ses critiques de la guerre"},"parent":0,"template":"","canton":[279],"media":[276],"class_list":["post-34609","revue-de-presse","type-revue-de-presse","status-publish","hentry","canton-monde","media-rts1-le-19h30"],"acf":[],"_links":{"self":[{"href":"https:\/\/diocese-lgf.ch\/de\/wp-json\/wp\/v2\/revue-de-presse\/34609","targetHints":{"allow":["GET"]}}],"collection":[{"href":"https:\/\/diocese-lgf.ch\/de\/wp-json\/wp\/v2\/revue-de-presse"}],"about":[{"href":"https:\/\/diocese-lgf.ch\/de\/wp-json\/wp\/v2\/types\/revue-de-presse"}],"version-history":[{"count":1,"href":"https:\/\/diocese-lgf.ch\/de\/wp-json\/wp\/v2\/revue-de-presse\/34609\/revisions"}],"predecessor-version":[{"id":34610,"href":"https:\/\/diocese-lgf.ch\/de\/wp-json\/wp\/v2\/revue-de-presse\/34609\/revisions\/34610"}],"wp:attachment":[{"href":"https:\/\/diocese-lgf.ch\/de\/wp-json\/wp\/v2\/media?parent=34609"}],"wp:term":[{"taxonomy":"canton","embeddable":true,"href":"https:\/\/diocese-lgf.ch\/de\/wp-json\/wp\/v2\/canton?post=34609"},{"taxonomy":"media","embeddable":true,"href":"https:\/\/diocese-lgf.ch\/de\/wp-json\/wp\/v2\/media?post=34609"}],"curies":[{"name":"wp","href":"https:\/\/api.w.org\/{rel}","templated":true}]}}