{"id":34511,"date":"2026-04-07T09:48:29","date_gmt":"2026-04-07T07:48:29","guid":{"rendered":"https:\/\/diocese-lgf.ch\/?post_type=revue-de-presse&#038;p=34511"},"modified":"2026-04-07T09:48:29","modified_gmt":"2026-04-07T07:48:29","slug":"valerie-dupont-revient-sur-la-premiere-benediction-de-leon-xiv","status":"publish","type":"revue-de-presse","link":"https:\/\/diocese-lgf.ch\/de\/medienspiegel_de\/valerie-dupont-revient-sur-la-premiere-benediction-de-leon-xiv\/","title":{"rendered":"Val\u00e9rie Dupont revient sur la premi\u00e8re b\u00e9n\u00e9diction de L\u00e9on XIV"},"parent":0,"template":"","canton":[278],"media":[276],"class_list":["post-34511","revue-de-presse","type-revue-de-presse","status-publish","hentry","canton-vatican","media-rts1-le-19h30"],"acf":[],"_links":{"self":[{"href":"https:\/\/diocese-lgf.ch\/de\/wp-json\/wp\/v2\/revue-de-presse\/34511","targetHints":{"allow":["GET"]}}],"collection":[{"href":"https:\/\/diocese-lgf.ch\/de\/wp-json\/wp\/v2\/revue-de-presse"}],"about":[{"href":"https:\/\/diocese-lgf.ch\/de\/wp-json\/wp\/v2\/types\/revue-de-presse"}],"version-history":[{"count":1,"href":"https:\/\/diocese-lgf.ch\/de\/wp-json\/wp\/v2\/revue-de-presse\/34511\/revisions"}],"predecessor-version":[{"id":34512,"href":"https:\/\/diocese-lgf.ch\/de\/wp-json\/wp\/v2\/revue-de-presse\/34511\/revisions\/34512"}],"wp:attachment":[{"href":"https:\/\/diocese-lgf.ch\/de\/wp-json\/wp\/v2\/media?parent=34511"}],"wp:term":[{"taxonomy":"canton","embeddable":true,"href":"https:\/\/diocese-lgf.ch\/de\/wp-json\/wp\/v2\/canton?post=34511"},{"taxonomy":"media","embeddable":true,"href":"https:\/\/diocese-lgf.ch\/de\/wp-json\/wp\/v2\/media?post=34511"}],"curies":[{"name":"wp","href":"https:\/\/api.w.org\/{rel}","templated":true}]}}