{"id":34508,"date":"2026-04-07T09:47:38","date_gmt":"2026-04-07T07:47:38","guid":{"rendered":"https:\/\/diocese-lgf.ch\/?post_type=revue-de-presse&#038;p=34508"},"modified":"2026-04-07T09:47:38","modified_gmt":"2026-04-07T07:47:38","slug":"premiere-benediction-papale-pour-leon-xiv-en-ce-dimanche-de-paques","status":"publish","type":"revue-de-presse","link":"https:\/\/diocese-lgf.ch\/de\/medienspiegel_de\/premiere-benediction-papale-pour-leon-xiv-en-ce-dimanche-de-paques\/","title":{"rendered":"Premi\u00e8re b\u00e9n\u00e9diction papale pour L\u00e9on XIV en ce dimanche de P\u00e2ques"},"parent":0,"template":"","canton":[278],"media":[276],"class_list":["post-34508","revue-de-presse","type-revue-de-presse","status-publish","hentry","canton-vatican","media-rts1-le-19h30"],"acf":[],"_links":{"self":[{"href":"https:\/\/diocese-lgf.ch\/de\/wp-json\/wp\/v2\/revue-de-presse\/34508","targetHints":{"allow":["GET"]}}],"collection":[{"href":"https:\/\/diocese-lgf.ch\/de\/wp-json\/wp\/v2\/revue-de-presse"}],"about":[{"href":"https:\/\/diocese-lgf.ch\/de\/wp-json\/wp\/v2\/types\/revue-de-presse"}],"version-history":[{"count":2,"href":"https:\/\/diocese-lgf.ch\/de\/wp-json\/wp\/v2\/revue-de-presse\/34508\/revisions"}],"predecessor-version":[{"id":34510,"href":"https:\/\/diocese-lgf.ch\/de\/wp-json\/wp\/v2\/revue-de-presse\/34508\/revisions\/34510"}],"wp:attachment":[{"href":"https:\/\/diocese-lgf.ch\/de\/wp-json\/wp\/v2\/media?parent=34508"}],"wp:term":[{"taxonomy":"canton","embeddable":true,"href":"https:\/\/diocese-lgf.ch\/de\/wp-json\/wp\/v2\/canton?post=34508"},{"taxonomy":"media","embeddable":true,"href":"https:\/\/diocese-lgf.ch\/de\/wp-json\/wp\/v2\/media?post=34508"}],"curies":[{"name":"wp","href":"https:\/\/api.w.org\/{rel}","templated":true}]}}