{"id":34125,"date":"2026-03-18T07:14:05","date_gmt":"2026-03-18T06:14:05","guid":{"rendered":"https:\/\/diocese-lgf.ch\/?post_type=revue-de-presse&#038;p=34125"},"modified":"2026-03-18T07:14:05","modified_gmt":"2026-03-18T06:14:05","slug":"une-ceremonie-oecumenique-a-eu-lieu-hier-soir-dans-le-village-de-chietres","status":"publish","type":"revue-de-presse","link":"https:\/\/diocese-lgf.ch\/de\/medienspiegel_de\/une-ceremonie-oecumenique-a-eu-lieu-hier-soir-dans-le-village-de-chietres\/","title":{"rendered":"Une c\u00e9r\u00e9monie \u0153cum\u00e9nique a eu lieu hier soir dans le village de Chi\u00e8tres"},"parent":0,"template":"","canton":[233],"media":[275],"class_list":["post-34125","revue-de-presse","type-revue-de-presse","status-publish","hentry","canton-fribourg","media-rts1-le-12h45"],"acf":[],"_links":{"self":[{"href":"https:\/\/diocese-lgf.ch\/de\/wp-json\/wp\/v2\/revue-de-presse\/34125","targetHints":{"allow":["GET"]}}],"collection":[{"href":"https:\/\/diocese-lgf.ch\/de\/wp-json\/wp\/v2\/revue-de-presse"}],"about":[{"href":"https:\/\/diocese-lgf.ch\/de\/wp-json\/wp\/v2\/types\/revue-de-presse"}],"version-history":[{"count":1,"href":"https:\/\/diocese-lgf.ch\/de\/wp-json\/wp\/v2\/revue-de-presse\/34125\/revisions"}],"predecessor-version":[{"id":34126,"href":"https:\/\/diocese-lgf.ch\/de\/wp-json\/wp\/v2\/revue-de-presse\/34125\/revisions\/34126"}],"wp:attachment":[{"href":"https:\/\/diocese-lgf.ch\/de\/wp-json\/wp\/v2\/media?parent=34125"}],"wp:term":[{"taxonomy":"canton","embeddable":true,"href":"https:\/\/diocese-lgf.ch\/de\/wp-json\/wp\/v2\/canton?post=34125"},{"taxonomy":"media","embeddable":true,"href":"https:\/\/diocese-lgf.ch\/de\/wp-json\/wp\/v2\/media?post=34125"}],"curies":[{"name":"wp","href":"https:\/\/api.w.org\/{rel}","templated":true}]}}