{"id":33259,"date":"2025-12-17T08:28:13","date_gmt":"2025-12-17T07:28:13","guid":{"rendered":"https:\/\/diocese-lgf.ch\/?post_type=revue-de-presse&#038;p=33259"},"modified":"2025-12-17T08:28:13","modified_gmt":"2025-12-17T07:28:13","slug":"a-fribourg-lavent-seclaire-a-la-bougie","status":"publish","type":"revue-de-presse","link":"https:\/\/diocese-lgf.ch\/de\/medienspiegel_de\/a-fribourg-lavent-seclaire-a-la-bougie\/","title":{"rendered":"\u00c0 Fribourg, l&#8217;Avent s&#8217;\u00e9claire \u00e0 la bougie"},"parent":0,"template":"","canton":[233],"media":[276],"class_list":["post-33259","revue-de-presse","type-revue-de-presse","status-publish","hentry","canton-fribourg","media-rts1-le-19h30"],"acf":[],"_links":{"self":[{"href":"https:\/\/diocese-lgf.ch\/de\/wp-json\/wp\/v2\/revue-de-presse\/33259","targetHints":{"allow":["GET"]}}],"collection":[{"href":"https:\/\/diocese-lgf.ch\/de\/wp-json\/wp\/v2\/revue-de-presse"}],"about":[{"href":"https:\/\/diocese-lgf.ch\/de\/wp-json\/wp\/v2\/types\/revue-de-presse"}],"version-history":[{"count":1,"href":"https:\/\/diocese-lgf.ch\/de\/wp-json\/wp\/v2\/revue-de-presse\/33259\/revisions"}],"predecessor-version":[{"id":33260,"href":"https:\/\/diocese-lgf.ch\/de\/wp-json\/wp\/v2\/revue-de-presse\/33259\/revisions\/33260"}],"wp:attachment":[{"href":"https:\/\/diocese-lgf.ch\/de\/wp-json\/wp\/v2\/media?parent=33259"}],"wp:term":[{"taxonomy":"canton","embeddable":true,"href":"https:\/\/diocese-lgf.ch\/de\/wp-json\/wp\/v2\/canton?post=33259"},{"taxonomy":"media","embeddable":true,"href":"https:\/\/diocese-lgf.ch\/de\/wp-json\/wp\/v2\/media?post=33259"}],"curies":[{"name":"wp","href":"https:\/\/api.w.org\/{rel}","templated":true}]}}