{"id":33253,"date":"2025-12-17T07:07:58","date_gmt":"2025-12-17T06:07:58","guid":{"rendered":"https:\/\/diocese-lgf.ch\/?post_type=revue-de-presse&#038;p=33253"},"modified":"2025-12-17T07:07:58","modified_gmt":"2025-12-17T06:07:58","slug":"des-parents-denoncent-un-gommage-des-traditions-de-noel-dans-certaines-creches","status":"publish","type":"revue-de-presse","link":"https:\/\/diocese-lgf.ch\/de\/medienspiegel_de\/des-parents-denoncent-un-gommage-des-traditions-de-noel-dans-certaines-creches\/","title":{"rendered":"Des parents d\u00e9noncent un gommage des traditions de No\u00ebl dans certaines cr\u00e8ches"},"parent":0,"template":"","canton":[239],"media":[276],"class_list":["post-33253","revue-de-presse","type-revue-de-presse","status-publish","hentry","canton-romandie","media-rts1-le-19h30"],"acf":[],"_links":{"self":[{"href":"https:\/\/diocese-lgf.ch\/de\/wp-json\/wp\/v2\/revue-de-presse\/33253","targetHints":{"allow":["GET"]}}],"collection":[{"href":"https:\/\/diocese-lgf.ch\/de\/wp-json\/wp\/v2\/revue-de-presse"}],"about":[{"href":"https:\/\/diocese-lgf.ch\/de\/wp-json\/wp\/v2\/types\/revue-de-presse"}],"version-history":[{"count":1,"href":"https:\/\/diocese-lgf.ch\/de\/wp-json\/wp\/v2\/revue-de-presse\/33253\/revisions"}],"predecessor-version":[{"id":33254,"href":"https:\/\/diocese-lgf.ch\/de\/wp-json\/wp\/v2\/revue-de-presse\/33253\/revisions\/33254"}],"wp:attachment":[{"href":"https:\/\/diocese-lgf.ch\/de\/wp-json\/wp\/v2\/media?parent=33253"}],"wp:term":[{"taxonomy":"canton","embeddable":true,"href":"https:\/\/diocese-lgf.ch\/de\/wp-json\/wp\/v2\/canton?post=33253"},{"taxonomy":"media","embeddable":true,"href":"https:\/\/diocese-lgf.ch\/de\/wp-json\/wp\/v2\/media?post=33253"}],"curies":[{"name":"wp","href":"https:\/\/api.w.org\/{rel}","templated":true}]}}