{"id":32198,"date":"2025-11-17T07:30:36","date_gmt":"2025-11-17T06:30:36","guid":{"rendered":"https:\/\/diocese-lgf.ch\/?post_type=revue-de-presse&#038;p=32198"},"modified":"2025-11-17T07:30:36","modified_gmt":"2025-11-17T06:30:36","slug":"les-ukrainiens-de-suisse-romande-trouvent-chaleur-et-reconfort-au-sacre-coeur","status":"publish","type":"revue-de-presse","link":"https:\/\/diocese-lgf.ch\/de\/medienspiegel_de\/les-ukrainiens-de-suisse-romande-trouvent-chaleur-et-reconfort-au-sacre-coeur\/","title":{"rendered":"Les Ukrainiens de Suisse romande trouvent chaleur et r\u00e9confort au Sacr\u00e9-C\u0153ur"},"parent":0,"template":"","canton":[239],"media":[266],"class_list":["post-32198","revue-de-presse","type-revue-de-presse","status-publish","hentry","canton-romandie","media-cath-ch"],"acf":[],"_links":{"self":[{"href":"https:\/\/diocese-lgf.ch\/de\/wp-json\/wp\/v2\/revue-de-presse\/32198","targetHints":{"allow":["GET"]}}],"collection":[{"href":"https:\/\/diocese-lgf.ch\/de\/wp-json\/wp\/v2\/revue-de-presse"}],"about":[{"href":"https:\/\/diocese-lgf.ch\/de\/wp-json\/wp\/v2\/types\/revue-de-presse"}],"version-history":[{"count":1,"href":"https:\/\/diocese-lgf.ch\/de\/wp-json\/wp\/v2\/revue-de-presse\/32198\/revisions"}],"predecessor-version":[{"id":32199,"href":"https:\/\/diocese-lgf.ch\/de\/wp-json\/wp\/v2\/revue-de-presse\/32198\/revisions\/32199"}],"wp:attachment":[{"href":"https:\/\/diocese-lgf.ch\/de\/wp-json\/wp\/v2\/media?parent=32198"}],"wp:term":[{"taxonomy":"canton","embeddable":true,"href":"https:\/\/diocese-lgf.ch\/de\/wp-json\/wp\/v2\/canton?post=32198"},{"taxonomy":"media","embeddable":true,"href":"https:\/\/diocese-lgf.ch\/de\/wp-json\/wp\/v2\/media?post=32198"}],"curies":[{"name":"wp","href":"https:\/\/api.w.org\/{rel}","templated":true}]}}