{"id":32018,"date":"2025-10-30T08:30:03","date_gmt":"2025-10-30T07:30:03","guid":{"rendered":"https:\/\/diocese-lgf.ch\/?post_type=revue-de-presse&#038;p=32018"},"modified":"2025-10-30T08:30:03","modified_gmt":"2025-10-30T07:30:03","slug":"a-neuchatel-une-journee-mondiale-des-pauvres-oecumenique","status":"publish","type":"revue-de-presse","link":"https:\/\/diocese-lgf.ch\/de\/medienspiegel_de\/a-neuchatel-une-journee-mondiale-des-pauvres-oecumenique\/","title":{"rendered":"\u00c0 Neuch\u00e2tel, une Journ\u00e9e mondiale des pauvres \u0153cum\u00e9nique"},"parent":0,"template":"","canton":[238],"media":[266],"class_list":["post-32018","revue-de-presse","type-revue-de-presse","status-publish","hentry","canton-neuchatel","media-cath-ch"],"acf":[],"_links":{"self":[{"href":"https:\/\/diocese-lgf.ch\/de\/wp-json\/wp\/v2\/revue-de-presse\/32018","targetHints":{"allow":["GET"]}}],"collection":[{"href":"https:\/\/diocese-lgf.ch\/de\/wp-json\/wp\/v2\/revue-de-presse"}],"about":[{"href":"https:\/\/diocese-lgf.ch\/de\/wp-json\/wp\/v2\/types\/revue-de-presse"}],"version-history":[{"count":1,"href":"https:\/\/diocese-lgf.ch\/de\/wp-json\/wp\/v2\/revue-de-presse\/32018\/revisions"}],"predecessor-version":[{"id":32019,"href":"https:\/\/diocese-lgf.ch\/de\/wp-json\/wp\/v2\/revue-de-presse\/32018\/revisions\/32019"}],"wp:attachment":[{"href":"https:\/\/diocese-lgf.ch\/de\/wp-json\/wp\/v2\/media?parent=32018"}],"wp:term":[{"taxonomy":"canton","embeddable":true,"href":"https:\/\/diocese-lgf.ch\/de\/wp-json\/wp\/v2\/canton?post=32018"},{"taxonomy":"media","embeddable":true,"href":"https:\/\/diocese-lgf.ch\/de\/wp-json\/wp\/v2\/media?post=32018"}],"curies":[{"name":"wp","href":"https:\/\/api.w.org\/{rel}","templated":true}]}}