{"id":31936,"date":"2025-10-21T06:54:16","date_gmt":"2025-10-21T04:54:16","guid":{"rendered":"https:\/\/diocese-lgf.ch\/?post_type=revue-de-presse&#038;p=31936"},"modified":"2025-10-21T06:54:16","modified_gmt":"2025-10-21T04:54:16","slug":"la-cathedrale-de-lausanne-celebre-le-750e-anniversaire-de-sa-consecration","status":"publish","type":"revue-de-presse","link":"https:\/\/diocese-lgf.ch\/de\/medienspiegel_de\/la-cathedrale-de-lausanne-celebre-le-750e-anniversaire-de-sa-consecration\/","title":{"rendered":"La cath\u00e9drale de Lausanne c\u00e9l\u00e8bre le 750e anniversaire de sa cons\u00e9cration"},"parent":0,"template":"","canton":[234],"media":[276],"class_list":["post-31936","revue-de-presse","type-revue-de-presse","status-publish","hentry","canton-vaud","media-rts1-le-19h30"],"acf":[],"_links":{"self":[{"href":"https:\/\/diocese-lgf.ch\/de\/wp-json\/wp\/v2\/revue-de-presse\/31936","targetHints":{"allow":["GET"]}}],"collection":[{"href":"https:\/\/diocese-lgf.ch\/de\/wp-json\/wp\/v2\/revue-de-presse"}],"about":[{"href":"https:\/\/diocese-lgf.ch\/de\/wp-json\/wp\/v2\/types\/revue-de-presse"}],"version-history":[{"count":1,"href":"https:\/\/diocese-lgf.ch\/de\/wp-json\/wp\/v2\/revue-de-presse\/31936\/revisions"}],"predecessor-version":[{"id":31937,"href":"https:\/\/diocese-lgf.ch\/de\/wp-json\/wp\/v2\/revue-de-presse\/31936\/revisions\/31937"}],"wp:attachment":[{"href":"https:\/\/diocese-lgf.ch\/de\/wp-json\/wp\/v2\/media?parent=31936"}],"wp:term":[{"taxonomy":"canton","embeddable":true,"href":"https:\/\/diocese-lgf.ch\/de\/wp-json\/wp\/v2\/canton?post=31936"},{"taxonomy":"media","embeddable":true,"href":"https:\/\/diocese-lgf.ch\/de\/wp-json\/wp\/v2\/media?post=31936"}],"curies":[{"name":"wp","href":"https:\/\/api.w.org\/{rel}","templated":true}]}}