{"id":31926,"date":"2025-10-20T08:21:39","date_gmt":"2025-10-20T06:21:39","guid":{"rendered":"https:\/\/diocese-lgf.ch\/?post_type=revue-de-presse&#038;p=31926"},"modified":"2025-10-20T08:21:39","modified_gmt":"2025-10-20T06:21:39","slug":"le-film-sacre-coeur-un-phenomene-qui-echappe-a-la-rationalite","status":"publish","type":"revue-de-presse","link":"https:\/\/diocese-lgf.ch\/de\/medienspiegel_de\/le-film-sacre-coeur-un-phenomene-qui-echappe-a-la-rationalite\/","title":{"rendered":"Le film \u00ab Sacr\u00e9 C\u0153ur \u00bb, un ph\u00e9nom\u00e8ne qui \u00e9chappe \u00e0 la rationalit\u00e9"},"parent":0,"template":"","canton":[235],"media":[248],"class_list":["post-31926","revue-de-presse","type-revue-de-presse","status-publish","hentry","canton-geneve","media-la-tribune-de-geneve"],"acf":[],"_links":{"self":[{"href":"https:\/\/diocese-lgf.ch\/de\/wp-json\/wp\/v2\/revue-de-presse\/31926","targetHints":{"allow":["GET"]}}],"collection":[{"href":"https:\/\/diocese-lgf.ch\/de\/wp-json\/wp\/v2\/revue-de-presse"}],"about":[{"href":"https:\/\/diocese-lgf.ch\/de\/wp-json\/wp\/v2\/types\/revue-de-presse"}],"version-history":[{"count":1,"href":"https:\/\/diocese-lgf.ch\/de\/wp-json\/wp\/v2\/revue-de-presse\/31926\/revisions"}],"predecessor-version":[{"id":31927,"href":"https:\/\/diocese-lgf.ch\/de\/wp-json\/wp\/v2\/revue-de-presse\/31926\/revisions\/31927"}],"wp:attachment":[{"href":"https:\/\/diocese-lgf.ch\/de\/wp-json\/wp\/v2\/media?parent=31926"}],"wp:term":[{"taxonomy":"canton","embeddable":true,"href":"https:\/\/diocese-lgf.ch\/de\/wp-json\/wp\/v2\/canton?post=31926"},{"taxonomy":"media","embeddable":true,"href":"https:\/\/diocese-lgf.ch\/de\/wp-json\/wp\/v2\/media?post=31926"}],"curies":[{"name":"wp","href":"https:\/\/api.w.org\/{rel}","templated":true}]}}