{"id":31914,"date":"2025-10-20T07:43:30","date_gmt":"2025-10-20T05:43:30","guid":{"rendered":"https:\/\/diocese-lgf.ch\/?post_type=revue-de-presse&#038;p=31914"},"modified":"2025-10-20T07:43:30","modified_gmt":"2025-10-20T05:43:30","slug":"le-diocese-de-sion-cherche-a-reequilibrer-ses-comptes-avant-2030","status":"publish","type":"revue-de-presse","link":"https:\/\/diocese-lgf.ch\/de\/medienspiegel_de\/le-diocese-de-sion-cherche-a-reequilibrer-ses-comptes-avant-2030\/","title":{"rendered":"Le dioc\u00e8se de Sion cherche \u00e0 r\u00e9\u00e9quilibrer ses comptes avant 2030"},"parent":0,"template":"","canton":[239],"media":[276],"class_list":["post-31914","revue-de-presse","type-revue-de-presse","status-publish","hentry","canton-romandie","media-rts1-le-19h30"],"acf":[],"_links":{"self":[{"href":"https:\/\/diocese-lgf.ch\/de\/wp-json\/wp\/v2\/revue-de-presse\/31914","targetHints":{"allow":["GET"]}}],"collection":[{"href":"https:\/\/diocese-lgf.ch\/de\/wp-json\/wp\/v2\/revue-de-presse"}],"about":[{"href":"https:\/\/diocese-lgf.ch\/de\/wp-json\/wp\/v2\/types\/revue-de-presse"}],"version-history":[{"count":1,"href":"https:\/\/diocese-lgf.ch\/de\/wp-json\/wp\/v2\/revue-de-presse\/31914\/revisions"}],"predecessor-version":[{"id":31915,"href":"https:\/\/diocese-lgf.ch\/de\/wp-json\/wp\/v2\/revue-de-presse\/31914\/revisions\/31915"}],"wp:attachment":[{"href":"https:\/\/diocese-lgf.ch\/de\/wp-json\/wp\/v2\/media?parent=31914"}],"wp:term":[{"taxonomy":"canton","embeddable":true,"href":"https:\/\/diocese-lgf.ch\/de\/wp-json\/wp\/v2\/canton?post=31914"},{"taxonomy":"media","embeddable":true,"href":"https:\/\/diocese-lgf.ch\/de\/wp-json\/wp\/v2\/media?post=31914"}],"curies":[{"name":"wp","href":"https:\/\/api.w.org\/{rel}","templated":true}]}}