{"id":31861,"date":"2025-10-15T14:37:22","date_gmt":"2025-10-15T12:37:22","guid":{"rendered":"https:\/\/diocese-lgf.ch\/?post_type=revue-de-presse&#038;p=31861"},"modified":"2025-10-15T14:37:22","modified_gmt":"2025-10-15T12:37:22","slug":"les-eglises-reformees-romandes-decapitent-leur-agence-de-presse","status":"publish","type":"revue-de-presse","link":"https:\/\/diocese-lgf.ch\/de\/medienspiegel_de\/les-eglises-reformees-romandes-decapitent-leur-agence-de-presse\/","title":{"rendered":"Les \u00e9glises r\u00e9form\u00e9es romandes d\u00e9capitent leur agence de presse"},"parent":0,"template":"","canton":[239],"media":[269],"class_list":["post-31861","revue-de-presse","type-revue-de-presse","status-publish","hentry","canton-romandie","media-rts-la-1ere-la-matinale"],"acf":[],"_links":{"self":[{"href":"https:\/\/diocese-lgf.ch\/de\/wp-json\/wp\/v2\/revue-de-presse\/31861","targetHints":{"allow":["GET"]}}],"collection":[{"href":"https:\/\/diocese-lgf.ch\/de\/wp-json\/wp\/v2\/revue-de-presse"}],"about":[{"href":"https:\/\/diocese-lgf.ch\/de\/wp-json\/wp\/v2\/types\/revue-de-presse"}],"version-history":[{"count":2,"href":"https:\/\/diocese-lgf.ch\/de\/wp-json\/wp\/v2\/revue-de-presse\/31861\/revisions"}],"predecessor-version":[{"id":31863,"href":"https:\/\/diocese-lgf.ch\/de\/wp-json\/wp\/v2\/revue-de-presse\/31861\/revisions\/31863"}],"wp:attachment":[{"href":"https:\/\/diocese-lgf.ch\/de\/wp-json\/wp\/v2\/media?parent=31861"}],"wp:term":[{"taxonomy":"canton","embeddable":true,"href":"https:\/\/diocese-lgf.ch\/de\/wp-json\/wp\/v2\/canton?post=31861"},{"taxonomy":"media","embeddable":true,"href":"https:\/\/diocese-lgf.ch\/de\/wp-json\/wp\/v2\/media?post=31861"}],"curies":[{"name":"wp","href":"https:\/\/api.w.org\/{rel}","templated":true}]}}