{"id":9995,"date":"2021-01-08T09:53:00","date_gmt":"2021-01-08T08:53:00","guid":{"rendered":"https:\/\/diocese-lgf.emblematik.dev\/muetter-und-kinder-in-schwierigkeit\/"},"modified":"2025-12-10T08:55:09","modified_gmt":"2025-12-10T07:55:09","slug":"muetter-und-kinder-in-schwierigkeit","status":"publish","type":"post","link":"https:\/\/diocese-lgf.ch\/de\/muetter-und-kinder-in-schwierigkeit\/","title":{"rendered":"M\u00fctter und Kinder in Schwierigkeit"},"content":{"rendered":"<div class=\"pf-content\">\t\t<div data-elementor-type=\"wp-post\" data-elementor-id=\"9995\" class=\"elementor elementor-9995 elementor-320\" data-elementor-post-type=\"post\">\n\t\t\t\t\t\t<section class=\"elementor-section elementor-top-section elementor-element elementor-element-4eeaf39a elementor-section-boxed elementor-section-height-default elementor-section-height-default\" data-id=\"4eeaf39a\" data-element_type=\"section\" data-e-type=\"section\">\n\t\t\t\t\t\t<div class=\"elementor-container elementor-column-gap-default\">\n\t\t\t\t\t<div class=\"elementor-column elementor-col-100 elementor-top-column elementor-element elementor-element-31ae233d\" data-id=\"31ae233d\" data-element_type=\"column\" data-e-type=\"column\">\n\t\t\t<div class=\"elementor-widget-wrap elementor-element-populated\">\n\t\t\t\t\t\t<div class=\"elementor-element elementor-element-b6989bb elementor-widget elementor-widget-heading\" data-id=\"b6989bb\" data-element_type=\"widget\" data-e-type=\"widget\" data-widget_type=\"heading.default\">\n\t\t\t\t<div class=\"elementor-widget-container\">\n\t\t\t\t\t<h2 class=\"elementor-heading-title elementor-size-default\">11.01.2026<\/h2>\t\t\t\t<\/div>\n\t\t\t\t<\/div>\n\t\t\t\t<div class=\"elementor-element elementor-element-39e203e elementor-widget elementor-widget-text-editor\" data-id=\"39e203e\" data-element_type=\"widget\" data-e-type=\"widget\" data-widget_type=\"text-editor.default\">\n\t\t\t\t<div class=\"elementor-widget-container\">\n\t\t\t\t\t\t\t\t\t<p>Die Kollekte f\u00fcr M\u00fctter und Kinder in Not soll M\u00fcttern, die sich im Zusammenhang mit einer Schwangerschaft oder der Erziehung von Kleinkindern in einer schwierigen Lage befinden, konkrete Hilfe leisten. Es ist nicht hinnehmbar, dass finanzielle Schwierigkeiten dazu f\u00fchren, dass Eltern auf die Aufnahme von Kindern verzichten, oder dass M\u00fctter sich f\u00fcr einen Schwangerschaftsabbruch entscheiden, weil sie bef\u00fcrchten, eine Mutterschaft finanziell nicht tragen zu k\u00f6nnen. Diese Kollekte unterst\u00fctzt <a href=\"http:\/\/www.sosfuturesmamans.org\/\">SOS futures mamans<\/a>\u00a0und den <a href=\"https:\/\/www.frauenbund.ch\/unsere-werke\/solidaritaetsfonds\/der-solidaritaetsfonds\" target=\"_blank\" rel=\"noopener\">Solidarit\u00e4tsfonds f\u00fcr Mutter und Kind.<\/a><\/p>\t\t\t\t\t\t\t\t<\/div>\n\t\t\t\t<\/div>\n\t\t\t\t\t<\/div>\n\t\t<\/div>\n\t\t\t\t\t<\/div>\n\t\t<\/section>\n\t\t\t\t<\/div>\n\t\t<\/div>","protected":false},"excerpt":{"rendered":"<p>11.01.2026 Die Kollekte f\u00fcr M\u00fctter und Kinder in Not soll M\u00fcttern, die sich im Zusammenhang mit einer Schwangerschaft oder der Erziehung von Kleinkindern in einer schwierigen Lage befinden, konkrete Hilfe [&hellip;]<\/p>\n","protected":false},"author":1,"featured_media":0,"comment_status":"closed","ping_status":"open","sticky":false,"template":"","format":"standard","meta":{"_acf_changed":false,"footnotes":""},"categories":[154],"tags":[],"class_list":["post-9995","post","type-post","status-publish","format-standard","hentry","category-kollekten"],"acf":[],"_links":{"self":[{"href":"https:\/\/diocese-lgf.ch\/de\/wp-json\/wp\/v2\/posts\/9995","targetHints":{"allow":["GET"]}}],"collection":[{"href":"https:\/\/diocese-lgf.ch\/de\/wp-json\/wp\/v2\/posts"}],"about":[{"href":"https:\/\/diocese-lgf.ch\/de\/wp-json\/wp\/v2\/types\/post"}],"author":[{"embeddable":true,"href":"https:\/\/diocese-lgf.ch\/de\/wp-json\/wp\/v2\/users\/1"}],"replies":[{"embeddable":true,"href":"https:\/\/diocese-lgf.ch\/de\/wp-json\/wp\/v2\/comments?post=9995"}],"version-history":[{"count":9,"href":"https:\/\/diocese-lgf.ch\/de\/wp-json\/wp\/v2\/posts\/9995\/revisions"}],"predecessor-version":[{"id":33007,"href":"https:\/\/diocese-lgf.ch\/de\/wp-json\/wp\/v2\/posts\/9995\/revisions\/33007"}],"wp:attachment":[{"href":"https:\/\/diocese-lgf.ch\/de\/wp-json\/wp\/v2\/media?parent=9995"}],"wp:term":[{"taxonomy":"category","embeddable":true,"href":"https:\/\/diocese-lgf.ch\/de\/wp-json\/wp\/v2\/categories?post=9995"},{"taxonomy":"post_tag","embeddable":true,"href":"https:\/\/diocese-lgf.ch\/de\/wp-json\/wp\/v2\/tags?post=9995"}],"curies":[{"name":"wp","href":"https:\/\/api.w.org\/{rel}","templated":true}]}}