{"id":7961,"date":"2020-11-27T11:19:00","date_gmt":"2020-11-27T10:19:00","guid":{"rendered":"https:\/\/diocese-lgf.emblematik.dev\/botschaft-und-adventskalender\/"},"modified":"2021-01-06T15:29:35","modified_gmt":"2021-01-06T14:29:35","slug":"botschaft-und-adventskalender","status":"publish","type":"post","link":"https:\/\/diocese-lgf.ch\/de\/botschaft-und-adventskalender\/","title":{"rendered":"Botschaft und Adventskalender"},"content":{"rendered":"<div class=\"pf-content\">\t\t<div data-elementor-type=\"wp-post\" data-elementor-id=\"7961\" class=\"elementor elementor-7961 elementor-7947\" data-elementor-post-type=\"post\">\n\t\t\t\t\t\t<section class=\"elementor-section elementor-top-section elementor-element elementor-element-05fcb99 elementor-section-boxed elementor-section-height-default elementor-section-height-default\" data-id=\"05fcb99\" data-element_type=\"section\" data-e-type=\"section\">\n\t\t\t\t\t\t<div class=\"elementor-container elementor-column-gap-default\">\n\t\t\t\t\t<div class=\"elementor-column elementor-col-100 elementor-top-column elementor-element elementor-element-761c740\" data-id=\"761c740\" data-element_type=\"column\" data-e-type=\"column\">\n\t\t\t<div class=\"elementor-widget-wrap elementor-element-populated\">\n\t\t\t\t\t\t<div class=\"elementor-element elementor-element-fdd47f1 elementor-widget elementor-widget-text-editor\" data-id=\"fdd47f1\" data-element_type=\"widget\" data-e-type=\"widget\" data-widget_type=\"text-editor.default\">\n\t\t\t\t<div class=\"elementor-widget-container\">\n\t\t\t\t\t\t\t\t\t<p><strong><em>Mitteilung an\u00a0<\/em><\/strong><strong><em>unsere pastoralen Mitarbeiter\/SE\/Pfarreien\/Sprachmissionen\/religi\u00f6sen Gemeinschaften<\/em><\/strong><\/p><p>Als Einstieg in die Adventszeit m\u00f6chte Ihnen Mgr Morerod diese <a href=\"https:\/\/youtu.be\/2IiTU9V84sI\" target=\"_blank\" rel=\"noopener\">Videobotschaft<\/a> zukommen lassen.<\/p><p>Ab diesem Sonntag k\u00f6nnen Sie auch unseren di\u00f6zesanen Online-Adventskalender konsultieren\u00a0: jeden Tag wird ein anderes Adventsfenster erscheinen auf der Webseite der Di\u00f6zese sowie auf unserer <a href=\"https:\/\/www.facebook.com\/eveche.lgf\" target=\"_blank\" rel=\"noopener\"><em>Facebook<\/em><em>-Seite<\/em><\/a>. Das Bischofsvikariat Deutschfreiburg bietet Ihnen ebenfalls einen <a href=\"https:\/\/www.kath-fr.ch\/adventskalender\" target=\"_blank\" rel=\"noopener\">solchen Adventskalender<\/a> an.<\/p><p>Trotz der schwierigen gesundheitlichen Situation lebt unsere Di\u00f6zese dank Ihnen weiter. Daher werden wir auf unserer Website die Aktionen und Initiativen weitergeben, die Sie in Ihren SE, Pfarreien, Gemeinschaften, Seelsorgen usw. anbieten f\u00fcr die Advents- und Weihnachtszeit. Bitte teilen sie uns Vorschl\u00e4ge auf <a href=\"mailto:info@diocese-lgf.ch\" target=\"_blank\" rel=\"noopener\">info@diocese-lgf.ch<\/a> mit, damit wir Sie mit m\u00f6glichst vielen teilen k\u00f6nnen.<\/p><p>Wir w\u00fcnschen Ihnen eine sch\u00f6ne Adventszeit: \u00ab\u00a0die geeignete Zeit, das Kommen Jesu anzunehmen, der als Bote des Friedens kommt, um uns die Wege Gottes zu zeigen \u00bb (Papst Franziskus, Angelus, 01.12.2019).<\/p><p>Kommunikationsstelle der Di\u00f6zese<\/p>\t\t\t\t\t\t\t\t<\/div>\n\t\t\t\t<\/div>\n\t\t\t\t\t<\/div>\n\t\t<\/div>\n\t\t\t\t\t<\/div>\n\t\t<\/section>\n\t\t\t\t<\/div>\n\t\t<\/div>","protected":false},"excerpt":{"rendered":"<p>Mitteilung an&nbsp;unsere pastoralen Mitarbeiter\/SE\/Pfarreien\/Sprachmissionen\/religi\u00f6sen Gemeinschaften Als Einstieg in die Adventszeit m\u00f6chte Ihnen Mgr Morerod diese Videobotschaft zukommen lassen. Ab diesem Sonntag k\u00f6nnen Sie auch unseren di\u00f6zesanen Online-Adventskalender konsultieren&nbsp;: jeden Tag [&hellip;]<\/p>\n","protected":false},"author":7,"featured_media":7960,"comment_status":"closed","ping_status":"open","sticky":false,"template":"","format":"standard","meta":{"_acf_changed":false,"footnotes":""},"categories":[41,16,114],"tags":[],"class_list":["post-7961","post","type-post","status-publish","format-standard","has-post-thumbnail","hentry","category-aktualitat","category-homepage-de","category-mitteilungen"],"acf":[],"_links":{"self":[{"href":"https:\/\/diocese-lgf.ch\/de\/wp-json\/wp\/v2\/posts\/7961","targetHints":{"allow":["GET"]}}],"collection":[{"href":"https:\/\/diocese-lgf.ch\/de\/wp-json\/wp\/v2\/posts"}],"about":[{"href":"https:\/\/diocese-lgf.ch\/de\/wp-json\/wp\/v2\/types\/post"}],"author":[{"embeddable":true,"href":"https:\/\/diocese-lgf.ch\/de\/wp-json\/wp\/v2\/users\/7"}],"replies":[{"embeddable":true,"href":"https:\/\/diocese-lgf.ch\/de\/wp-json\/wp\/v2\/comments?post=7961"}],"version-history":[{"count":7,"href":"https:\/\/diocese-lgf.ch\/de\/wp-json\/wp\/v2\/posts\/7961\/revisions"}],"predecessor-version":[{"id":8958,"href":"https:\/\/diocese-lgf.ch\/de\/wp-json\/wp\/v2\/posts\/7961\/revisions\/8958"}],"wp:featuredmedia":[{"embeddable":true,"href":"https:\/\/diocese-lgf.ch\/de\/wp-json\/wp\/v2\/media\/7960"}],"wp:attachment":[{"href":"https:\/\/diocese-lgf.ch\/de\/wp-json\/wp\/v2\/media?parent=7961"}],"wp:term":[{"taxonomy":"category","embeddable":true,"href":"https:\/\/diocese-lgf.ch\/de\/wp-json\/wp\/v2\/categories?post=7961"},{"taxonomy":"post_tag","embeddable":true,"href":"https:\/\/diocese-lgf.ch\/de\/wp-json\/wp\/v2\/tags?post=7961"}],"curies":[{"name":"wp","href":"https:\/\/api.w.org\/{rel}","templated":true}]}}