{"id":7496,"date":"2021-01-03T09:00:00","date_gmt":"2021-01-03T08:00:00","guid":{"rendered":"https:\/\/diocese-lgf.emblematik.dev\/epiphaniekollekte\/"},"modified":"2025-12-10T08:45:03","modified_gmt":"2025-12-10T07:45:03","slug":"epiphaniekollekte","status":"publish","type":"post","link":"https:\/\/diocese-lgf.ch\/de\/epiphaniekollekte\/","title":{"rendered":"Epiphaniekollekte"},"content":{"rendered":"<div class=\"pf-content\">\t\t<div data-elementor-type=\"wp-post\" data-elementor-id=\"7496\" class=\"elementor elementor-7496 elementor-318\" data-elementor-post-type=\"post\">\n\t\t\t\t\t\t<section class=\"elementor-section elementor-top-section elementor-element elementor-element-3e99fd1e elementor-section-boxed elementor-section-height-default elementor-section-height-default\" data-id=\"3e99fd1e\" data-element_type=\"section\" data-e-type=\"section\">\n\t\t\t\t\t\t<div class=\"elementor-container elementor-column-gap-default\">\n\t\t\t\t\t<div class=\"elementor-column elementor-col-100 elementor-top-column elementor-element elementor-element-620c2f58\" data-id=\"620c2f58\" data-element_type=\"column\" data-e-type=\"column\">\n\t\t\t<div class=\"elementor-widget-wrap elementor-element-populated\">\n\t\t\t\t\t\t<div class=\"elementor-element elementor-element-bd44cf2 elementor-widget elementor-widget-heading\" data-id=\"bd44cf2\" data-element_type=\"widget\" data-e-type=\"widget\" data-widget_type=\"heading.default\">\n\t\t\t\t<div class=\"elementor-widget-container\">\n\t\t\t\t\t<h2 class=\"elementor-heading-title elementor-size-default\">04.01.2026<\/h2>\t\t\t\t<\/div>\n\t\t\t\t<\/div>\n\t\t\t\t<div class=\"elementor-element elementor-element-6eb68838 elementor-widget elementor-widget-text-editor\" data-id=\"6eb68838\" data-element_type=\"widget\" data-e-type=\"widget\" data-widget_type=\"text-editor.default\">\n\t\t\t\t<div class=\"elementor-widget-container\">\n\t\t\t\t\t\t\t\t\t<p><em><strong>Restauration von Kirchen<\/strong>\u00a0<\/em><\/p><p><strong>Spende zur Epiphanie (Inl\u00e4ndische Mission)<\/strong><\/p><p>Ziel dieser Kollekte, die von der <a href=\"https:\/\/www.im-mi.ch\/d\/\" target=\"_blank\" rel=\"noopener\">Inl\u00e4ndischen Mission<\/a> durchgef\u00fchrt wird, ist die Unterst\u00fctzung f\u00fcr die Restaurierung von Kirchen und Kl\u00f6stern in der Schweiz. Tats\u00e4chlich sind einige Pfarreien und religi\u00f6se Gemeinschaften mittellos und haben nicht die M\u00f6glichkeit, die Restaurierungsarbeiten zu finanzieren. Wir danken Ihnen f\u00fcr die Unterst\u00fctzung!<\/p><p><a href=\"https:\/\/www.im-mi.ch\/d\/eine-wallfahrtsstiftung-und-zwei-pfarreien-brauchen-ihre-hilfe\/\" target=\"_blank\" rel=\"noopener\">Epiphaniekollekte 2026<\/a> :\u00a0Eine Wallfahrtsstiftung und zwei Pfarreien brauchen Ihre Hilfe!<\/p><p><em><u>Information an die Pfarreien:<\/u><\/em><\/p><p><em>Reichen Sie Ihre Bewerbung beim Ordinariat ein, wenn Sie eine solche Unterst\u00fctzung ben\u00f6tigen.<\/em><\/p><p><em>Jede Di\u00f6zese hat die M\u00f6glichkeit, alle zwei Jahre eine Pfarrei oder ein Kloster zu bestimmen. Auf Landesebene werden drei Beg\u00fcnstigte bestimmt, von denen jeder ein Drittel des Ergebnisses der Epiphaniekollekte erh\u00e4lt. Die H\u00e4lfte des Betrags muss innerhalb von zehn Jahren zur\u00fcckgezahlt werden. So k\u00f6nnen die zur\u00fcckerstatteten Mittel erneut f\u00fcr Restaurierungen von Kirchen in bed\u00fcrftigen Pfarreien verwendet werden.<\/em><\/p>\t\t\t\t\t\t\t\t<\/div>\n\t\t\t\t<\/div>\n\t\t\t\t\t<\/div>\n\t\t<\/div>\n\t\t\t\t\t<\/div>\n\t\t<\/section>\n\t\t\t\t<\/div>\n\t\t<\/div>","protected":false},"excerpt":{"rendered":"<p>04.01.2026 Restauration von Kirchen\u00a0 Spende zur Epiphanie (Inl\u00e4ndische Mission) Ziel dieser Kollekte, die von der Inl\u00e4ndischen Mission durchgef\u00fchrt wird, ist die Unterst\u00fctzung f\u00fcr die Restaurierung von Kirchen und Kl\u00f6stern in [&hellip;]<\/p>\n","protected":false},"author":1,"featured_media":0,"comment_status":"closed","ping_status":"open","sticky":false,"template":"","format":"standard","meta":{"_acf_changed":false,"footnotes":""},"categories":[154],"tags":[],"class_list":["post-7496","post","type-post","status-publish","format-standard","hentry","category-kollekten"],"acf":[],"_links":{"self":[{"href":"https:\/\/diocese-lgf.ch\/de\/wp-json\/wp\/v2\/posts\/7496","targetHints":{"allow":["GET"]}}],"collection":[{"href":"https:\/\/diocese-lgf.ch\/de\/wp-json\/wp\/v2\/posts"}],"about":[{"href":"https:\/\/diocese-lgf.ch\/de\/wp-json\/wp\/v2\/types\/post"}],"author":[{"embeddable":true,"href":"https:\/\/diocese-lgf.ch\/de\/wp-json\/wp\/v2\/users\/1"}],"replies":[{"embeddable":true,"href":"https:\/\/diocese-lgf.ch\/de\/wp-json\/wp\/v2\/comments?post=7496"}],"version-history":[{"count":29,"href":"https:\/\/diocese-lgf.ch\/de\/wp-json\/wp\/v2\/posts\/7496\/revisions"}],"predecessor-version":[{"id":32998,"href":"https:\/\/diocese-lgf.ch\/de\/wp-json\/wp\/v2\/posts\/7496\/revisions\/32998"}],"wp:attachment":[{"href":"https:\/\/diocese-lgf.ch\/de\/wp-json\/wp\/v2\/media?parent=7496"}],"wp:term":[{"taxonomy":"category","embeddable":true,"href":"https:\/\/diocese-lgf.ch\/de\/wp-json\/wp\/v2\/categories?post=7496"},{"taxonomy":"post_tag","embeddable":true,"href":"https:\/\/diocese-lgf.ch\/de\/wp-json\/wp\/v2\/tags?post=7496"}],"curies":[{"name":"wp","href":"https:\/\/api.w.org\/{rel}","templated":true}]}}