{"id":37648,"date":"2026-08-31T15:43:27","date_gmt":"2026-08-31T13:43:27","guid":{"rendered":"https:\/\/diocese-lgf.ch\/?p=37648"},"modified":"2026-08-31T16:24:52","modified_gmt":"2026-08-31T14:24:52","slug":"ein-neuer-staendiger-diakon-fuer-das-bistum-2","status":"publish","type":"post","link":"https:\/\/diocese-lgf.ch\/de\/ein-neuer-staendiger-diakon-fuer-das-bistum-2\/","title":{"rendered":"Ein neuer st\u00e4ndiger Diakon f\u00fcr das Bistum"},"content":{"rendered":"<div class=\"pf-content\">\t\t<div data-elementor-type=\"wp-post\" data-elementor-id=\"37648\" class=\"elementor elementor-37648 elementor-37647\" data-elementor-post-type=\"post\">\n\t\t\t\t<div class=\"elementor-element elementor-element-d9b7851 e-flex e-con-boxed e-con e-parent\" data-id=\"d9b7851\" data-element_type=\"container\" data-e-type=\"container\">\n\t\t\t\t\t<div class=\"e-con-inner\">\n\t\t\t\t<div class=\"elementor-element elementor-element-8a2c9f5 elementor-widget elementor-widget-text-editor\" data-id=\"8a2c9f5\" data-element_type=\"widget\" data-e-type=\"widget\" data-widget_type=\"text-editor.default\">\n\t\t\t\t<div class=\"elementor-widget-container\">\n\t\t\t\t\t\t\t\t\t<div><p><b><span lang=\"DE-CH\">Am Sonntag, den 6. September 2026, wird Rodrigo De Stephanis um 10.00 Uhr, von Bischof Charles Morerod, Di\u00f6zesanbischof von Lausanne, Genf und Freiburg, in der Kirche Saint-Martin in Onex zum st\u00e4ndigen Diakon geweiht.<\/span><\/b><\/p><\/div><div><p><span lang=\"DE-CH\">Rodrigo De Stephanis wurde am 17. April 1963 in Pratola Peligna (Italien) geboren und wuchs in der Kirche auf, wo er als Jugendlicher einen Raum fand, um sich auszudr\u00fccken, seine Ideen zu teilen und \u201edie Welt neu zu gestalten\u201c.<\/span><\/p><\/div><div><p><span lang=\"DE-CH\">Ein Studium der Literatur und Theologie an der Universit\u00e4t Freiburg f\u00fchrte ihn anschliessend dazu, im Tessin und in Freiburg Religionsunterricht zu erteilen und sp\u00e4ter als Seelsorger in Genf junge Menschen zu begleiten. Durch sein Engagement in zwei Genfer Seelsorgeeinheiten (SE) \u2013 Plateau und Champagne \u2013 lernte er das Gemeindeleben umfassender kennen, und dabei stellte sich ihm eine ganz einfache Frage: Wie kann ich noch mehr dienen?<\/span><\/p><\/div><div><span lang=\"DE-CH\">Das Diakonat, f\u00fcr das er die Unterst\u00fctzung seiner Frau Carmen erhielt, kristallisierte sich nach und nach als Antwort heraus. F\u00fcr Rodrigo handelt es sich dabei nicht nur um ein pers\u00f6nliches Engagement, sondern um ein Zeichen an die gesamte Kirche: \u201eWo kein Dienst ist, da ist keine Kirche!\u201c<\/span><\/div><p>Die di\u00f6zesane Kommunikationsstelle<\/p><p>(<em><a href=\"https:\/\/diocese-lgf.ch\/wp-content\/uploads\/2026\/08\/20260831_CP_ordination_diaconale_Rodrigo_De_-Stephanis_d.pdf\" target=\"_blank\" rel=\"noopener\">PDF-Version der Mitteilung<\/a>)<\/em><\/p>\t\t\t\t\t\t\t\t<\/div>\n\t\t\t\t<\/div>\n\t\t\t\t\t<\/div>\n\t\t\t\t<\/div>\n\t\t\t\t<\/div>\n\t\t<\/div>","protected":false},"excerpt":{"rendered":"<p>Am Sonntag, den 6. September 2026, wird Rodrigo De Stephanis um 10.00 Uhr, von Bischof Charles Morerod, Di\u00f6zesanbischof von Lausanne, Genf und Freiburg, in der Kirche Saint-Martin in Onex zum [&hellip;]<\/p>\n","protected":false},"author":4,"featured_media":37654,"comment_status":"closed","ping_status":"open","sticky":false,"template":"","format":"standard","meta":{"_acf_changed":false,"footnotes":"","_members_access_role":[],"_members_access_error":""},"categories":[41,217,223,115,218,16,114,6],"tags":[],"class_list":["post-37648","post","type-post","status-publish","format-standard","has-post-thumbnail","hentry","category-aktualitat","category-article-de","category-articles-fr-de","category-hauptmenu","category-homagepage-de","category-homepage-de","category-mitteilungen","category-unkategorisiert"],"acf":[],"_links":{"self":[{"href":"https:\/\/diocese-lgf.ch\/de\/wp-json\/wp\/v2\/posts\/37648","targetHints":{"allow":["GET"]}}],"collection":[{"href":"https:\/\/diocese-lgf.ch\/de\/wp-json\/wp\/v2\/posts"}],"about":[{"href":"https:\/\/diocese-lgf.ch\/de\/wp-json\/wp\/v2\/types\/post"}],"author":[{"embeddable":true,"href":"https:\/\/diocese-lgf.ch\/de\/wp-json\/wp\/v2\/users\/4"}],"replies":[{"embeddable":true,"href":"https:\/\/diocese-lgf.ch\/de\/wp-json\/wp\/v2\/comments?post=37648"}],"version-history":[{"count":4,"href":"https:\/\/diocese-lgf.ch\/de\/wp-json\/wp\/v2\/posts\/37648\/revisions"}],"predecessor-version":[{"id":37662,"href":"https:\/\/diocese-lgf.ch\/de\/wp-json\/wp\/v2\/posts\/37648\/revisions\/37662"}],"wp:featuredmedia":[{"embeddable":true,"href":"https:\/\/diocese-lgf.ch\/de\/wp-json\/wp\/v2\/media\/37654"}],"wp:attachment":[{"href":"https:\/\/diocese-lgf.ch\/de\/wp-json\/wp\/v2\/media?parent=37648"}],"wp:term":[{"taxonomy":"category","embeddable":true,"href":"https:\/\/diocese-lgf.ch\/de\/wp-json\/wp\/v2\/categories?post=37648"},{"taxonomy":"post_tag","embeddable":true,"href":"https:\/\/diocese-lgf.ch\/de\/wp-json\/wp\/v2\/tags?post=37648"}],"curies":[{"name":"wp","href":"https:\/\/api.w.org\/{rel}","templated":true}]}}