{"id":24150,"date":"2023-12-07T14:20:25","date_gmt":"2023-12-07T13:20:25","guid":{"rendered":"https:\/\/diocese-lgf.emblematik.dev\/?p=24150"},"modified":"2023-12-11T12:06:25","modified_gmt":"2023-12-11T11:06:25","slug":"zwei-neue-diakone-im-hinblick-auf-das-presbyterat","status":"publish","type":"post","link":"https:\/\/diocese-lgf.ch\/de\/zwei-neue-diakone-im-hinblick-auf-das-presbyterat\/","title":{"rendered":"Zwei neue Diakone im Hinblick auf das Presbyterat"},"content":{"rendered":"<div class=\"pf-content\">\t\t<div data-elementor-type=\"wp-post\" data-elementor-id=\"24150\" class=\"elementor elementor-24150 elementor-24120\" data-elementor-post-type=\"post\">\n\t\t\t\t\t\t<section class=\"elementor-section elementor-top-section elementor-element elementor-element-1f1f657 elementor-section-boxed elementor-section-height-default elementor-section-height-default\" data-id=\"1f1f657\" data-element_type=\"section\" data-e-type=\"section\">\n\t\t\t\t\t\t<div class=\"elementor-container elementor-column-gap-default\">\n\t\t\t\t\t<div class=\"elementor-column elementor-col-100 elementor-top-column elementor-element elementor-element-63004be\" data-id=\"63004be\" data-element_type=\"column\" data-e-type=\"column\">\n\t\t\t<div class=\"elementor-widget-wrap elementor-element-populated\">\n\t\t\t\t\t\t<div class=\"elementor-element elementor-element-d661bb5 elementor-widget elementor-widget-text-editor\" data-id=\"d661bb5\" data-element_type=\"widget\" data-e-type=\"widget\" data-widget_type=\"text-editor.default\">\n\t\t\t\t<div class=\"elementor-widget-container\">\n\t\t\t\t\t\t\t\t\t<p><strong>Am Sonntag, 10. Dezember 2023, wird Mgr Charles Morerod, Bischof von Lausanne, Genf und Freiburg, Jacques Doutaz und R\u00e9mi Steinmyller um 10.15 Uhr in der Kathedrale Saint-Nicolas in Freiburg zu Diakonen im Hinblick auf das Priesteramt weihen<\/strong>.<\/p><p>Die beiden zuk\u00fcnftigen Diakone haben am Di\u00f6zesanseminar (Givisiez) und an der Theologischen Fakult\u00e4t der Universit\u00e4t Freiburg studiert.<\/p><p>R\u00e9mi Steinmyller stammt aus Annecy, wo er einen Master in Verwaltungs- und Finanzdirektion absolvierte und anschliessend fast drei Jahre lang im Aargau als Finanzkontrolleur arbeitete. Zurzeit absolviert er ein Pastoralpraktikum in der Seelsorgeeinheit Montagnes neuch\u00e2teloises (La Chaux-de-Fonds, Le Locle).<\/p><p>Jacques Doutaz aus Avry-devant-Pont studierte an der Eidgen\u00f6ssischen Technischen Hochschule Z\u00fcrich (ETHZ), wo er ein Diplom als Forstingenieur erwarb, einen Beruf, den er 12 Jahre lang aus\u00fcbte. Derzeit absolviert er ein Pastoralpraktikum in den Pfarreien des Dekanats Freiburg.<\/p><p>R\u00e9mi Steinmyller wird am Samstag, den 22. Juni 2024 in La Chaux-de-Fonds zum Priester geweiht, w\u00e4hrend Jacques Doutaz am Sonntag, den 30. Juni 2024 in Freiburg zum Priester geweiht wird.<\/p><p>Kommunikationsstelle der Di\u00f6zese<\/p><hr \/><p><strong>Die Diakonenweihe, kesako ?<\/strong><\/p><p><em>Der Priesterweihe<\/em> (als <em>Priester<\/em>) geht immer eine <em>Diakonenweihe<\/em> (als <em>Diakon<\/em>) voraus, fr\u00fchestens im Abstand von sechs Monaten. Ein Diakon kann bereits einige Sakramente (z. Bsp. Taufe, Ehe), aber noch nicht die Eucharistie feiern. Die Diakonenweihe ist nur ein erster Schritt. In ihr hingegen verspricht der Weihepriester dem Bischof Gehorsamkeit und bindet sich endg\u00fcltig an den Z\u00f6libat.<\/p><p>(<em><a href=\"https:\/\/diocese-lgf.ch\/wp-content\/uploads\/2023\/12\/20231207_CP_deux_ordinations_diaconales_d.pdf\" target=\"_blank\" rel=\"noopener\">PDF-Version der Mitteilung<\/a>)<\/em><\/p>\t\t\t\t\t\t\t\t<\/div>\n\t\t\t\t<\/div>\n\t\t\t\t\t<\/div>\n\t\t<\/div>\n\t\t\t\t\t<\/div>\n\t\t<\/section>\n\t\t\t\t<\/div>\n\t\t<\/div>","protected":false},"excerpt":{"rendered":"<p>Am Sonntag, 10. Dezember 2023, wird Mgr Charles Morerod, Bischof von Lausanne, Genf und Freiburg, Jacques Doutaz und R\u00e9mi Steinmyller um 10.15 Uhr in der Kathedrale Saint-Nicolas in Freiburg zu [&hellip;]<\/p>\n","protected":false},"author":7,"featured_media":24126,"comment_status":"closed","ping_status":"open","sticky":false,"template":"","format":"standard","meta":{"_acf_changed":false,"footnotes":""},"categories":[41,115,16,114,6],"tags":[],"class_list":["post-24150","post","type-post","status-publish","format-standard","has-post-thumbnail","hentry","category-aktualitat","category-hauptmenu","category-homepage-de","category-mitteilungen","category-unkategorisiert"],"acf":[],"_links":{"self":[{"href":"https:\/\/diocese-lgf.ch\/de\/wp-json\/wp\/v2\/posts\/24150","targetHints":{"allow":["GET"]}}],"collection":[{"href":"https:\/\/diocese-lgf.ch\/de\/wp-json\/wp\/v2\/posts"}],"about":[{"href":"https:\/\/diocese-lgf.ch\/de\/wp-json\/wp\/v2\/types\/post"}],"author":[{"embeddable":true,"href":"https:\/\/diocese-lgf.ch\/de\/wp-json\/wp\/v2\/users\/7"}],"replies":[{"embeddable":true,"href":"https:\/\/diocese-lgf.ch\/de\/wp-json\/wp\/v2\/comments?post=24150"}],"version-history":[{"count":8,"href":"https:\/\/diocese-lgf.ch\/de\/wp-json\/wp\/v2\/posts\/24150\/revisions"}],"predecessor-version":[{"id":24158,"href":"https:\/\/diocese-lgf.ch\/de\/wp-json\/wp\/v2\/posts\/24150\/revisions\/24158"}],"wp:featuredmedia":[{"embeddable":true,"href":"https:\/\/diocese-lgf.ch\/de\/wp-json\/wp\/v2\/media\/24126"}],"wp:attachment":[{"href":"https:\/\/diocese-lgf.ch\/de\/wp-json\/wp\/v2\/media?parent=24150"}],"wp:term":[{"taxonomy":"category","embeddable":true,"href":"https:\/\/diocese-lgf.ch\/de\/wp-json\/wp\/v2\/categories?post=24150"},{"taxonomy":"post_tag","embeddable":true,"href":"https:\/\/diocese-lgf.ch\/de\/wp-json\/wp\/v2\/tags?post=24150"}],"curies":[{"name":"wp","href":"https:\/\/api.w.org\/{rel}","templated":true}]}}