{"id":19891,"date":"2022-11-03T07:56:51","date_gmt":"2022-11-03T06:56:51","guid":{"rendered":"https:\/\/diocese-lgf.emblematik.dev\/?p=19891"},"modified":"2022-11-03T08:00:11","modified_gmt":"2022-11-03T07:00:11","slug":"ernennung-zur-bischoeflichen-beauftragten-fuer-die-praevention","status":"publish","type":"post","link":"https:\/\/diocese-lgf.ch\/de\/ernennung-zur-bischoeflichen-beauftragten-fuer-die-praevention\/","title":{"rendered":"Ernennung zur bisch\u00f6flichen Beauftragten f\u00fcr die Pr\u00e4vention"},"content":{"rendered":"<div class=\"pf-content\">\t\t<div data-elementor-type=\"wp-post\" data-elementor-id=\"19891\" class=\"elementor elementor-19891 elementor-19882\" data-elementor-post-type=\"post\">\n\t\t\t\t\t\t<section class=\"elementor-section elementor-top-section elementor-element elementor-element-184339a elementor-section-boxed elementor-section-height-default elementor-section-height-default\" data-id=\"184339a\" data-element_type=\"section\" data-e-type=\"section\">\n\t\t\t\t\t\t<div class=\"elementor-container elementor-column-gap-default\">\n\t\t\t\t\t<div class=\"elementor-column elementor-col-100 elementor-top-column elementor-element elementor-element-f267d27\" data-id=\"f267d27\" data-element_type=\"column\" data-e-type=\"column\">\n\t\t\t<div class=\"elementor-widget-wrap elementor-element-populated\">\n\t\t\t\t\t\t<div class=\"elementor-element elementor-element-9c5a14e elementor-widget elementor-widget-text-editor\" data-id=\"9c5a14e\" data-element_type=\"widget\" data-e-type=\"widget\" data-widget_type=\"text-editor.default\">\n\t\t\t\t<div class=\"elementor-widget-container\">\n\t\t\t\t\t\t\t\t\t<p><strong>Mgr. Charles Morerod, Bischof von Lausanne, Genf und Freiburg, hat Mari Carmen Avila zur bisch\u00f6flichen Beauftragten f\u00fcr die Pr\u00e4vention ernannt. Sie wird ihr Amt am 1. November 2022 antreten.<\/strong><\/p><p><strong>Pr\u00e4vention im weiten Sinne<\/strong><\/p><p>Mari Carmen Avila, Mitglied der Gemeinschaft der gottgeweihten Frauen des Regnum Christi in der Schweiz und ehemalige Direktorin der Schule Ch\u00e2telard (Montreux), wird f\u00fcr eine Amtszeit von sechs Jahren zur Koordinatorin der Fragen rund um die Pr\u00e4vention in der ganzen Di\u00f6zese ernannt. Sie wurde aufgrund ihrer Kompetenzen im Krisenmanagement in religi\u00f6sen Gemeinschaften gew\u00e4hlt. Sie wird sich nicht nur mit der Pr\u00e4vention im Bereich des sexuellen Missbrauchs, sondern auch mit Amtsmissbrauch, spirituellem Missbrauch, Neigung zu gewissen Suchterkrankungen (Alkoholismus usw.) besch\u00e4ftigen und dar\u00fcber hinaus Menschen in Schwierigkeiten begleiten.<\/p><p><strong>Teamarbeit unter Einbezug von Fachpersonen<\/strong><\/p><p>Frau Avila wird sich dabei auf die \u00dcberlegungen und die Hilfe einer Arbeitsgruppe zur Pr\u00e4vention st\u00fctzen. Diese ist seit Juni 2022 aktiv, um die Bed\u00fcrfnisse und die Priorit\u00e4ten im Bereich Pr\u00e4vention in der Di\u00f6zese zu ermitteln. Auf Initiative des deutschsprachigen Teils der Di\u00f6zese (Deutschfreiburg) und mithilfe des Vereins LIMITA wird derzeit ein Verhaltenskodex erarbeitet, in dem es um Amtsmissbrauch geht und der sich an alle Angestellten (pastorale Mitarbeitende) in der Di\u00f6zese richtet. Im Rahmen dieser Arbeitsgruppe wurden verschiedene Kontakte zu Unternehmen, staatlichen oder internationalen Institutionen, Personalabteilungen und Psychologinnen\/Psychologen gekn\u00fcpft, um Initiativen im Bereich Pr\u00e4vention zusammenzutragen.<\/p><p><strong>Seit langer Zeit ein Anliegen des Bischofs<\/strong><\/p><p>Das Thema Pr\u00e4vention ist dem Bischof seit langem ein Anliegen. Seit 2012 ging es bei der Pr\u00e4vention um sexuellen Missbrauch: die Aufforderung des Bischofs, jeden Missbrauch unverz\u00fcglich der zivilen Justiz zu melden, die historische Studie \u00fcber das Institut Marini (Institut unter der Rechtsprechung des Bischofs, in dem Kinder missbraucht worden sind), die Schaffung von Kommissionen zur Anh\u00f6rung der Opfer, die Erstellung einer di\u00f6zesanen Charta gegen sexuellen Missbrauch, eine obligatorische Schulung zur Sensibilisierung (durchgef\u00fchrt durch die Vereine ESPAS und LIMITA) f\u00fcr alle pastoralen Mitarbeitenden der Di\u00f6zese, das Anbringen einer Gedenktafel in der Kathedrale Freiburg zu Ehren der Missbrauchsopfer. Mit der Ernennung von Frau Avila m\u00f6chte Mgr. Morerod diese Initiativen nun st\u00e4rken und auf Amtsmissbrauch ausweiten, der damit eng verbunden ist.<\/p><p><strong>Mari Carmen Avila kurz vorgestellt<\/strong><\/p><p>Mari Carmen Avila wurde 1959 in Mexiko geboren, besitzt die mexikanische und die spanische Staatsb\u00fcrgerschaft und ist Mitglied der Regnum-Christi-F\u00f6deration. Sie verf\u00fcgt \u00fcber verschiedene Abschl\u00fcsse und Diplome: einen Abschluss in Industriedesign und einen Abschluss in Bildung der Universit\u00e4t An\u00e1huac in Mexiko, ein Diplom in Religionswissenschaften des <em>P\u00e4pstlichen Athenaeums Regina Apostolorum<\/em> in Rom sowie verschiedene Diplome in spiritueller Theologie, Liturgie und spiritueller Begleitung der P\u00e4pstlichen Universit\u00e4t in Rom. Mari Carmen Avila bringt grosse Erfahrung im Unterrichten und der Leitung von Schulen in der Schweiz und in Italien sowie in der pers\u00f6nlichen und spirituellen Begleitung von Priestern und Laien mit. Acht Jahre lang war sie Teil des ersten Generalrates der gottgeweihten Frauen des Regnum Christi. In diesem Rahmen hat sie mit Kardinal Velasio de Paolis, Kardinal Gianfranco Ghirlanda und Pater Agostino Montan an der Erneuerung des Regnum Christi, der Erarbeitung des neuen eigenen Rechts f\u00fcr das Regnum Christi, der Ausbildung der Direktorinnen der Gemeinschaft, den ersten Schritten und den Statuten der Regnum-Christi-F\u00f6deration gearbeitet. Im Jahr 2021 wurde sie zur kanonischen Besucherin der <em>Fraternit\u00e9 Eucharistein<\/em> ernannt und ist eine der kirchlichen Assistentinnen f\u00fcr die Erneuerung dieser Gemeinschaft. Vor kurzem hat Mari Carmen Avila, insbesondere an der Seite von Mgr. Alain de Raemy, ein Universit\u00e4tsdiplom am <em>Institut catholique de Paris<\/em> mit dem Titel \u00abAbus et bientraitance: Ecouter, accompagner, pr\u00e9venir\u00bb (<em>Missbrauch und Wohlwollen: zuh\u00f6ren, begleiten, vorbeugen<\/em>) begonnen. Mari Carmen Avila spricht Spanisch, Englisch, Franz\u00f6sisch und Italienisch.<\/p><p><strong>Vorherige Ernennungen<\/strong><\/p><p>Eine Reihe von Ernennungen von \u00abbisch\u00f6flichen Beauftragten\u00bb f\u00fcr bessere Synergien innerhalb der Di\u00f6zese haben bereits stattgefunden.<\/p><p>Die territorialen und thematischen Beauftragten sind folgende:<\/p><ul><li>f\u00fcr die Bistumsregion des Kantons Waadt: Herr Michel Racloz<\/li><li>f\u00fcr die Bistumsregion des Kantons Freiburg (franz\u00f6sischsprachige Region): Frau C\u00e9line Ruffieux<\/li><li>f\u00fcr die Bistumsregion des Kantons Freiburg (Deutschfreiburg): Frau Marianne Pohl-Henzen<\/li><li>f\u00fcr die Bistumsregion des Kantons Neuenburg: Herr Romuald Babey<\/li><li>f\u00fcr die Bistumsregion des Kantons Genf: Frau Fabienne Dubouloz-Gigon<\/li><li>f\u00fcr das geweihte Leben: Sr. Marie-Emmanuel Minot<\/li><li>f\u00fcr die Berufungspastoral und die Ausbildung der Seminaristen: Abb\u00e9 Nicolas Glasson (Bischofsvikar)<\/li><li>f\u00fcr die \u00d6kologie: Frau Doroth\u00e9e Th\u00e9venaz Gygax<\/li><li>f\u00fcr die Ausbildung: Herr Philippe Hugo<\/li><\/ul><p>Weitere Ernennungen werden in den n\u00e4chsten Monaten hinzukommen.<\/p><p>Kommunikationsstelle der Di\u00f6zese<\/p><p>(<em><a href=\"https:\/\/diocese-lgf.ch\/wp-content\/uploads\/2022\/11\/20221103_CP_nomination_representante_prevention_d.pdf\" target=\"_blank\" rel=\"noopener\">PDF-Version der Mitteilung<\/a>)<\/em><\/p>\t\t\t\t\t\t\t\t<\/div>\n\t\t\t\t<\/div>\n\t\t\t\t\t<\/div>\n\t\t<\/div>\n\t\t\t\t\t<\/div>\n\t\t<\/section>\n\t\t\t\t<\/div>\n\t\t<\/div>","protected":false},"excerpt":{"rendered":"<p>Mgr. Charles Morerod, Bischof von Lausanne, Genf und Freiburg, hat Mari Carmen Avila zur bisch\u00f6flichen Beauftragten f\u00fcr die Pr\u00e4vention ernannt. Sie wird ihr Amt am 1. November 2022 antreten. Pr\u00e4vention [&hellip;]<\/p>\n","protected":false},"author":7,"featured_media":18320,"comment_status":"closed","ping_status":"open","sticky":false,"template":"","format":"standard","meta":{"_acf_changed":false,"footnotes":""},"categories":[41,115,16,114],"tags":[],"class_list":["post-19891","post","type-post","status-publish","format-standard","has-post-thumbnail","hentry","category-aktualitat","category-hauptmenu","category-homepage-de","category-mitteilungen"],"acf":[],"_links":{"self":[{"href":"https:\/\/diocese-lgf.ch\/de\/wp-json\/wp\/v2\/posts\/19891","targetHints":{"allow":["GET"]}}],"collection":[{"href":"https:\/\/diocese-lgf.ch\/de\/wp-json\/wp\/v2\/posts"}],"about":[{"href":"https:\/\/diocese-lgf.ch\/de\/wp-json\/wp\/v2\/types\/post"}],"author":[{"embeddable":true,"href":"https:\/\/diocese-lgf.ch\/de\/wp-json\/wp\/v2\/users\/7"}],"replies":[{"embeddable":true,"href":"https:\/\/diocese-lgf.ch\/de\/wp-json\/wp\/v2\/comments?post=19891"}],"version-history":[{"count":7,"href":"https:\/\/diocese-lgf.ch\/de\/wp-json\/wp\/v2\/posts\/19891\/revisions"}],"predecessor-version":[{"id":19898,"href":"https:\/\/diocese-lgf.ch\/de\/wp-json\/wp\/v2\/posts\/19891\/revisions\/19898"}],"wp:featuredmedia":[{"embeddable":true,"href":"https:\/\/diocese-lgf.ch\/de\/wp-json\/wp\/v2\/media\/18320"}],"wp:attachment":[{"href":"https:\/\/diocese-lgf.ch\/de\/wp-json\/wp\/v2\/media?parent=19891"}],"wp:term":[{"taxonomy":"category","embeddable":true,"href":"https:\/\/diocese-lgf.ch\/de\/wp-json\/wp\/v2\/categories?post=19891"},{"taxonomy":"post_tag","embeddable":true,"href":"https:\/\/diocese-lgf.ch\/de\/wp-json\/wp\/v2\/tags?post=19891"}],"curies":[{"name":"wp","href":"https:\/\/api.w.org\/{rel}","templated":true}]}}