{"id":18291,"date":"2025-01-08T15:33:44","date_gmt":"2025-01-08T14:33:44","guid":{"rendered":"https:\/\/diocese-lgf.emblematik.dev\/?p=18291"},"modified":"2025-12-10T08:51:05","modified_gmt":"2025-12-10T07:51:05","slug":"muetter-und-kinder-in-not","status":"publish","type":"post","link":"https:\/\/diocese-lgf.ch\/de\/muetter-und-kinder-in-not\/","title":{"rendered":"M\u00fctter und Kinder in Not"},"content":{"rendered":"<div class=\"pf-content\">\t\t<div data-elementor-type=\"wp-post\" data-elementor-id=\"18291\" class=\"elementor elementor-18291\" data-elementor-post-type=\"post\">\n\t\t\t\t\t\t<section class=\"elementor-section elementor-top-section elementor-element elementor-element-4eeaf39a elementor-section-boxed elementor-section-height-default elementor-section-height-default\" data-id=\"4eeaf39a\" data-element_type=\"section\" data-e-type=\"section\">\n\t\t\t\t\t\t<div class=\"elementor-container elementor-column-gap-default\">\n\t\t\t\t\t<div class=\"elementor-column elementor-col-100 elementor-top-column elementor-element elementor-element-31ae233d\" data-id=\"31ae233d\" data-element_type=\"column\" data-e-type=\"column\">\n\t\t\t<div class=\"elementor-widget-wrap elementor-element-populated\">\n\t\t\t\t\t\t<div class=\"elementor-element elementor-element-cb45f3d elementor-widget elementor-widget-heading\" data-id=\"cb45f3d\" data-element_type=\"widget\" data-e-type=\"widget\" data-widget_type=\"heading.default\">\n\t\t\t\t<div class=\"elementor-widget-container\">\n\t\t\t\t\t<h2 class=\"elementor-heading-title elementor-size-default\">11.01.2026<\/h2>\t\t\t\t<\/div>\n\t\t\t\t<\/div>\n\t\t\t\t<div class=\"elementor-element elementor-element-39e203e elementor-widget elementor-widget-text-editor\" data-id=\"39e203e\" data-element_type=\"widget\" data-e-type=\"widget\" data-widget_type=\"text-editor.default\">\n\t\t\t\t<div class=\"elementor-widget-container\">\n\t\t\t\t\t\t\t\t\t<p>La qu\u00eate pour les m\u00e8res et enfants en difficult\u00e9 est destin\u00e9e \u00e0 apporter une aide concr\u00e8te \u00e0 des m\u00e8res qui se retrouvent dans des situations difficiles en lien avec une grossesse ou avec l&#8217;\u00e9ducation de jeunes enfants. Il n&#8217;est pas admissible que des difficult\u00e9s financi\u00e8res conduisent des parents \u00e0 renoncer \u00e0 accueillir des enfants, ou que des mamans d\u00e9cident d&#8217;interrompre une grossesse de crainte de ne pouvoir assumer financi\u00e8rement une maternit\u00e9. Cette qu\u00eate soutient <a href=\"http:\/\/www.sosfuturesmamans.org\/\" target=\"_blank\" rel=\"noopener\">SOS futures mamans<\/a> et le <a href=\"https:\/\/www.frauenbund.ch\/solidaritaetsfonds\/der-solidaritaetsfonds-fuer-mutter-und-kind\/\" target=\"_blank\" rel=\"noopener\"><em>Solidarit\u00e4tsfonds f\u00fcr Mutter und Kind<\/em><\/a>.<\/p>\n\t\t\t\t\t\t\t\t<\/div>\n\t\t\t\t<\/div>\n\t\t\t\t\t<\/div>\n\t\t<\/div>\n\t\t\t\t\t<\/div>\n\t\t<\/section>\n\t\t\t\t<\/div>\n\t\t<\/div>","protected":false},"excerpt":{"rendered":"<p>11.01.2026 La qu\u00eate pour les m\u00e8res et enfants en difficult\u00e9 est destin\u00e9e \u00e0 apporter une aide concr\u00e8te \u00e0 des m\u00e8res qui se retrouvent dans des situations difficiles en lien avec [&hellip;]<\/p>\n","protected":false},"author":5,"featured_media":0,"comment_status":"closed","ping_status":"open","sticky":false,"template":"","format":"standard","meta":{"_acf_changed":false,"footnotes":""},"categories":[154],"tags":[],"class_list":["post-18291","post","type-post","status-publish","format-standard","hentry","category-kollekten"],"acf":[],"_links":{"self":[{"href":"https:\/\/diocese-lgf.ch\/de\/wp-json\/wp\/v2\/posts\/18291","targetHints":{"allow":["GET"]}}],"collection":[{"href":"https:\/\/diocese-lgf.ch\/de\/wp-json\/wp\/v2\/posts"}],"about":[{"href":"https:\/\/diocese-lgf.ch\/de\/wp-json\/wp\/v2\/types\/post"}],"author":[{"embeddable":true,"href":"https:\/\/diocese-lgf.ch\/de\/wp-json\/wp\/v2\/users\/5"}],"replies":[{"embeddable":true,"href":"https:\/\/diocese-lgf.ch\/de\/wp-json\/wp\/v2\/comments?post=18291"}],"version-history":[{"count":5,"href":"https:\/\/diocese-lgf.ch\/de\/wp-json\/wp\/v2\/posts\/18291\/revisions"}],"predecessor-version":[{"id":33001,"href":"https:\/\/diocese-lgf.ch\/de\/wp-json\/wp\/v2\/posts\/18291\/revisions\/33001"}],"wp:attachment":[{"href":"https:\/\/diocese-lgf.ch\/de\/wp-json\/wp\/v2\/media?parent=18291"}],"wp:term":[{"taxonomy":"category","embeddable":true,"href":"https:\/\/diocese-lgf.ch\/de\/wp-json\/wp\/v2\/categories?post=18291"},{"taxonomy":"post_tag","embeddable":true,"href":"https:\/\/diocese-lgf.ch\/de\/wp-json\/wp\/v2\/tags?post=18291"}],"curies":[{"name":"wp","href":"https:\/\/api.w.org\/{rel}","templated":true}]}}