{"id":14696,"date":"2021-09-17T14:15:23","date_gmt":"2021-09-17T12:15:23","guid":{"rendered":"https:\/\/diocese-lgf.emblematik.dev\/?p=14696"},"modified":"2021-09-25T17:33:20","modified_gmt":"2021-09-25T15:33:20","slug":"soiree-mousse-im-ordinariat-des-bistums","status":"publish","type":"post","link":"https:\/\/diocese-lgf.ch\/de\/soiree-mousse-im-ordinariat-des-bistums\/","title":{"rendered":"\u00ab Soir\u00e9e mousse \u00bb im Ordinariat des Bistums"},"content":{"rendered":"<div class=\"pf-content\">\t\t<div data-elementor-type=\"wp-post\" data-elementor-id=\"14696\" class=\"elementor elementor-14696 elementor-14681\" data-elementor-post-type=\"post\">\n\t\t\t\t\t\t<section class=\"elementor-section elementor-top-section elementor-element elementor-element-73505f8 elementor-section-boxed elementor-section-height-default elementor-section-height-default\" data-id=\"73505f8\" data-element_type=\"section\" data-e-type=\"section\">\n\t\t\t\t\t\t<div class=\"elementor-container elementor-column-gap-default\">\n\t\t\t\t\t<div class=\"elementor-column elementor-col-100 elementor-top-column elementor-element elementor-element-d03503e\" data-id=\"d03503e\" data-element_type=\"column\" data-e-type=\"column\">\n\t\t\t<div class=\"elementor-widget-wrap elementor-element-populated\">\n\t\t\t\t\t\t<div class=\"elementor-element elementor-element-6195638 elementor-widget elementor-widget-text-editor\" data-id=\"6195638\" data-element_type=\"widget\" data-e-type=\"widget\" data-widget_type=\"text-editor.default\">\n\t\t\t\t<div class=\"elementor-widget-container\">\n\t\t\t\t\t\t\t\t\t<p><strong>Am Freitag, den 24. September, ab 17.30 Uhr, wird Mgr Charles Morerod, Bischof von Lausanne, Genf und Freiburg, im bisch\u00f6flichen Ordinariat in Freiburg den siebten und zugleich doppelten Jahrgang des Bischofsbiers einweihen: \u00ab\u00c9tole des neiges\u00bb und \u00abJeanne Dark\u00bb. Dieser Abend mit Verkostung und Verkauf steht allen gegen Vorlage des Covid-Zertifikats offen. Ein Teil des Gewinns wird zwei gemeinn\u00fctzigen Organisationen zu Gute kommen.<\/strong><\/p><p>Nachdem es aus gesundheitlichen Gr\u00fcnden nicht m\u00f6glich war, im Fr\u00fchjahr 2020 und 2021 zur \u00fcblichen Einweihung des \u00abBischofsbieres\u00bb einzuladen, l\u00e4dt Mgr Morerod nun diesen Herbst, am Freitag, den 24. September, zur Verkostung der Biere \u00ab\u00c9tole des neiges\u00bb und \u00abJeanne Dark\u00bb ein. Diese zwei Biere, das erste <em>Juicy IPA<\/em> und das folgende <em>Coffee stout<\/em>, sind die Nachfolger der sechs anderen \u00abBischofsbiere\u00bb seit 2015.<\/p><p>Die beiden Biere, die in Marin im Kanton Neuenburg gebraut werden, werden zu Gunsten von zwei Wohlt\u00e4tigkeitsorganisationen verkauft. Einerseits dem Verein <em>Le p\u00e8lerin des rues<\/em>, welche Menschen in prek\u00e4ren Lebenssituationen im Kanton Neuenburg unterst\u00fctzt, andererseits die Stiftung <em>Holy Trinity Open House<\/em>, die sich f\u00fcr Strassenkinder auf den Philippinen, in Zamboanga City, einsetzt. Jedes dieser Projekte wird w\u00e4hrend des offiziellen Teils um 18:00 Uhr kurz vorgestellt.<\/p><p>Das Bischofsbier wird an diesem Abend vom Bistum \u00fcber die Firma Coussicou SA verkauft, und anschliessend, ab dem 27. September, im bisch\u00f6flichen Ordinariat (Rue de Lausanne 86 in Freiburg) erh\u00e4ltlich sein.<\/p><p>Das Prinzip des Bischofsbiers besteht darin, jedes Jahr einen neuen limitierten Jahrgang zu produzieren, dessen Verkaufserl\u00f6s gemeinn\u00fctzigen Organisationen zu Gute kommt.<\/p><p>Kommunikationsstelle der Di\u00f6zese<\/p><p><strong>Links<\/strong>:<\/p><ul><li><a href=\"http:\/\/www.eveque.beer\">eveque.beer<\/a><\/li><li><a href=\"https:\/\/diocese-lgf.ch\/wp-content\/uploads\/2021\/09\/20210917_poeme_pour_CP.pdf\">Ank\u00fcndigung des neuen Bieres<\/a> (franz.)<\/li><li><a href=\"https:\/\/diocese-lgf.ch\/wp-content\/uploads\/2021\/09\/20210914_presentation-Holy-Trinity-House.pdf\">Vorstellung <em>Holy Trinity Open House<\/em><\/a><\/li><\/ul><p>\u00a0<\/p><p>(<em><a href=\"https:\/\/diocese-lgf.ch\/wp-content\/uploads\/2021\/09\/20210917_CP_soiree_mousse_biere_d.pdf\">PDF-Version der Mitteilung<\/a><\/em>)<\/p>\t\t\t\t\t\t\t\t<\/div>\n\t\t\t\t<\/div>\n\t\t\t\t\t<\/div>\n\t\t<\/div>\n\t\t\t\t\t<\/div>\n\t\t<\/section>\n\t\t\t\t<\/div>\n\t\t<\/div>","protected":false},"excerpt":{"rendered":"<p>Am Freitag, den 24. September, ab 17.30 Uhr, wird Mgr Charles Morerod, Bischof von Lausanne, Genf und Freiburg, im bisch\u00f6flichen Ordinariat in Freiburg den siebten und zugleich doppelten Jahrgang des [&hellip;]<\/p>\n","protected":false},"author":7,"featured_media":14810,"comment_status":"closed","ping_status":"open","sticky":false,"template":"","format":"standard","meta":{"_acf_changed":false,"footnotes":""},"categories":[41,115,16,114],"tags":[],"class_list":["post-14696","post","type-post","status-publish","format-standard","has-post-thumbnail","hentry","category-aktualitat","category-hauptmenu","category-homepage-de","category-mitteilungen"],"acf":[],"_links":{"self":[{"href":"https:\/\/diocese-lgf.ch\/de\/wp-json\/wp\/v2\/posts\/14696","targetHints":{"allow":["GET"]}}],"collection":[{"href":"https:\/\/diocese-lgf.ch\/de\/wp-json\/wp\/v2\/posts"}],"about":[{"href":"https:\/\/diocese-lgf.ch\/de\/wp-json\/wp\/v2\/types\/post"}],"author":[{"embeddable":true,"href":"https:\/\/diocese-lgf.ch\/de\/wp-json\/wp\/v2\/users\/7"}],"replies":[{"embeddable":true,"href":"https:\/\/diocese-lgf.ch\/de\/wp-json\/wp\/v2\/comments?post=14696"}],"version-history":[{"count":8,"href":"https:\/\/diocese-lgf.ch\/de\/wp-json\/wp\/v2\/posts\/14696\/revisions"}],"predecessor-version":[{"id":14812,"href":"https:\/\/diocese-lgf.ch\/de\/wp-json\/wp\/v2\/posts\/14696\/revisions\/14812"}],"wp:featuredmedia":[{"embeddable":true,"href":"https:\/\/diocese-lgf.ch\/de\/wp-json\/wp\/v2\/media\/14810"}],"wp:attachment":[{"href":"https:\/\/diocese-lgf.ch\/de\/wp-json\/wp\/v2\/media?parent=14696"}],"wp:term":[{"taxonomy":"category","embeddable":true,"href":"https:\/\/diocese-lgf.ch\/de\/wp-json\/wp\/v2\/categories?post=14696"},{"taxonomy":"post_tag","embeddable":true,"href":"https:\/\/diocese-lgf.ch\/de\/wp-json\/wp\/v2\/tags?post=14696"}],"curies":[{"name":"wp","href":"https:\/\/api.w.org\/{rel}","templated":true}]}}