{"id":14370,"date":"2021-09-09T10:40:52","date_gmt":"2021-09-09T08:40:52","guid":{"rendered":"https:\/\/diocese-lgf.emblematik.dev\/?p=14370"},"modified":"2021-09-09T10:41:50","modified_gmt":"2021-09-09T08:41:50","slug":"einschraenkungen-in-bezug-auf-das-covid-zertifikat","status":"publish","type":"post","link":"https:\/\/diocese-lgf.ch\/de\/einschraenkungen-in-bezug-auf-das-covid-zertifikat\/","title":{"rendered":"Einschr\u00e4nkungen in Bezug auf das Covid-Zertifikat"},"content":{"rendered":"<div class=\"pf-content\">\t\t<div data-elementor-type=\"wp-post\" data-elementor-id=\"14370\" class=\"elementor elementor-14370 elementor-14364\" data-elementor-post-type=\"post\">\n\t\t\t\t\t\t<section class=\"elementor-section elementor-top-section elementor-element elementor-element-0bec815 elementor-section-boxed elementor-section-height-default elementor-section-height-default\" data-id=\"0bec815\" data-element_type=\"section\" data-e-type=\"section\">\n\t\t\t\t\t\t<div class=\"elementor-container elementor-column-gap-default\">\n\t\t\t\t\t<div class=\"elementor-column elementor-col-100 elementor-top-column elementor-element elementor-element-236d95e\" data-id=\"236d95e\" data-element_type=\"column\" data-e-type=\"column\">\n\t\t\t<div class=\"elementor-widget-wrap elementor-element-populated\">\n\t\t\t\t\t\t<div class=\"elementor-element elementor-element-3adfe02 elementor-widget elementor-widget-text-editor\" data-id=\"3adfe02\" data-element_type=\"widget\" data-e-type=\"widget\" data-widget_type=\"text-editor.default\">\n\t\t\t\t<div class=\"elementor-widget-container\">\n\t\t\t\t\t\t\t\t\t<p>Nach der gestrigen Pressekonferenz des Bundesrates, an der bekannt gegeben wurde, dass ab dem 13. September f\u00fcr zahlreiche Aktivit\u00e4ten ein Covid-Zertifikat verlangt wird, bleiben religi\u00f6se Gottesdienste (einschliesslich Beerdigungen) bis zu 50 Personen von dieser Pflicht ausgenommen.<\/p><p>In der Praxis wartet die Di\u00f6zesanzelle Covid-19 auf eine Klarstellung der Schweizer Bischofskonferenz (SBK) zu den neuen Richtlinien. Sie ist sich der praktischen Schwierigkeiten dieser neuen Norm bewusst und dankt Ihnen f\u00fcr Ihre Geduld und Ausdauer im Kampf gegen Covid.<\/p><p>Lesen: <a href=\"https:\/\/www.bischoefe.ch\/die-landeskirchen-tragen-die-ausweitung-der-zertifikatspflicht-mit\/\" target=\"_blank\" rel=\"noopener\">Gemeinsames Kommuniqu\u00e9<\/a> der Evangelisch-reformierten Kirche (EKS) und der Schweizer Bischofskonferenz (SBK)<\/p><p>Z\u00f6gern Sie nicht, unsere h\u00e4ufig gestellten Fragen (<a href=\"https:\/\/diocese-lgf.ch\/de\/covid-19-haeufig-gestellte-fragen\/\" target=\"_blank\" rel=\"noopener\">FAQ<\/a>) zu konsultieren oder unsere Di\u00f6zesanstellen zu kontaktieren:<\/p><ul><li>Waadt : Michel Racloz: 021 613 23 41<\/li><li>Genf: Silvana Bassetti, Mercedes Lopez: 022 319 43 37<\/li><li>Freiburg (Franz\u00f6sisch): V\u00e9ronique Benz, Jo\u00e3o Carita: 026 426 34 13<\/li><li>Freiburg (Deutsch): Marianne Pohl-Henzen: 026 426 34 15<\/li><li>Neuenburg: Julia Moreno: 032 720 05 61<\/li><\/ul><p>Die Di\u00f6zesanzelle Covid-19<\/p><p>(<em><a href=\"https:\/\/diocese-lgf.ch\/wp-content\/uploads\/2021\/09\/20210909_CP_COVID_restrictions_certificat_covid_d.pdf\" target=\"_blank\" rel=\"noopener\">PDF-Version<\/a><\/em>)<\/p>\t\t\t\t\t\t\t\t<\/div>\n\t\t\t\t<\/div>\n\t\t\t\t\t<\/div>\n\t\t<\/div>\n\t\t\t\t\t<\/div>\n\t\t<\/section>\n\t\t\t\t<\/div>\n\t\t<\/div>","protected":false},"excerpt":{"rendered":"<p>Nach der gestrigen Pressekonferenz des Bundesrates, an der bekannt gegeben wurde, dass ab dem 13. September f\u00fcr zahlreiche Aktivit\u00e4ten ein Covid-Zertifikat verlangt wird, bleiben religi\u00f6se Gottesdienste (einschliesslich Beerdigungen) bis zu [&hellip;]<\/p>\n","protected":false},"author":7,"featured_media":10398,"comment_status":"closed","ping_status":"open","sticky":false,"template":"","format":"standard","meta":{"_acf_changed":false,"footnotes":""},"categories":[41,115,16,114],"tags":[],"class_list":["post-14370","post","type-post","status-publish","format-standard","has-post-thumbnail","hentry","category-aktualitat","category-hauptmenu","category-homepage-de","category-mitteilungen"],"acf":[],"_links":{"self":[{"href":"https:\/\/diocese-lgf.ch\/de\/wp-json\/wp\/v2\/posts\/14370","targetHints":{"allow":["GET"]}}],"collection":[{"href":"https:\/\/diocese-lgf.ch\/de\/wp-json\/wp\/v2\/posts"}],"about":[{"href":"https:\/\/diocese-lgf.ch\/de\/wp-json\/wp\/v2\/types\/post"}],"author":[{"embeddable":true,"href":"https:\/\/diocese-lgf.ch\/de\/wp-json\/wp\/v2\/users\/7"}],"replies":[{"embeddable":true,"href":"https:\/\/diocese-lgf.ch\/de\/wp-json\/wp\/v2\/comments?post=14370"}],"version-history":[{"count":4,"href":"https:\/\/diocese-lgf.ch\/de\/wp-json\/wp\/v2\/posts\/14370\/revisions"}],"predecessor-version":[{"id":14374,"href":"https:\/\/diocese-lgf.ch\/de\/wp-json\/wp\/v2\/posts\/14370\/revisions\/14374"}],"wp:featuredmedia":[{"embeddable":true,"href":"https:\/\/diocese-lgf.ch\/de\/wp-json\/wp\/v2\/media\/10398"}],"wp:attachment":[{"href":"https:\/\/diocese-lgf.ch\/de\/wp-json\/wp\/v2\/media?parent=14370"}],"wp:term":[{"taxonomy":"category","embeddable":true,"href":"https:\/\/diocese-lgf.ch\/de\/wp-json\/wp\/v2\/categories?post=14370"},{"taxonomy":"post_tag","embeddable":true,"href":"https:\/\/diocese-lgf.ch\/de\/wp-json\/wp\/v2\/tags?post=14370"}],"curies":[{"name":"wp","href":"https:\/\/api.w.org\/{rel}","templated":true}]}}