{"id":14158,"date":"2021-08-31T12:29:07","date_gmt":"2021-08-31T10:29:07","guid":{"rendered":"https:\/\/diocese-lgf.emblematik.dev\/?p=14158"},"modified":"2021-08-31T12:38:29","modified_gmt":"2021-08-31T10:38:29","slug":"covid-der-beginn-des-neuen-pastoraljahres-einige-hinweise","status":"publish","type":"post","link":"https:\/\/diocese-lgf.ch\/de\/covid-der-beginn-des-neuen-pastoraljahres-einige-hinweise\/","title":{"rendered":"COVID: Der Beginn des neuen Pastoraljahres: einige Hinweise"},"content":{"rendered":"<div class=\"pf-content\">\t\t<div data-elementor-type=\"wp-post\" data-elementor-id=\"14158\" class=\"elementor elementor-14158\" data-elementor-post-type=\"post\">\n\t\t\t\t\t\t<section class=\"elementor-section elementor-top-section elementor-element elementor-element-6a3a351 elementor-section-boxed elementor-section-height-default elementor-section-height-default\" data-id=\"6a3a351\" data-element_type=\"section\" data-e-type=\"section\">\n\t\t\t\t\t\t<div class=\"elementor-container elementor-column-gap-default\">\n\t\t\t\t\t<div class=\"elementor-column elementor-col-100 elementor-top-column elementor-element elementor-element-155524f\" data-id=\"155524f\" data-element_type=\"column\" data-e-type=\"column\">\n\t\t\t<div class=\"elementor-widget-wrap elementor-element-populated\">\n\t\t\t\t\t\t<div class=\"elementor-element elementor-element-69cf102 elementor-widget elementor-widget-text-editor\" data-id=\"69cf102\" data-element_type=\"widget\" data-e-type=\"widget\" data-widget_type=\"text-editor.default\">\n\t\t\t\t<div class=\"elementor-widget-container\">\n\t\t\t\t\t\t\t\t\t<p><strong>Zu Beginn des neuen Pastoraljahres m\u00f6chten wir Sie an die geltenden Normen im Kampf gegen Covid-19 erinnern und im Folgenden einige Ihrer Fragen beantworten. Zu den neuen Entwicklungen geh\u00f6rt, dass seit dem 1. September im Kanton Freiburg, seit dem 23. August im Kanton Genf und bis zum 15. September im Kanton Waadt (abh\u00e4ngig von der Umsetzung in den Institutionen) alle Mitarbeitenden von Rettungsdiensten, Krankenh\u00e4usern usw. verpflichtet sind, ihr Covid-Zertifikat vorzuweisen. In diesem Sinne erinnern wir uns auch an die Botschaft von Papst Franziskus, der in seinem Aufruf dazu, sich impfen zu lassen, von einem \u00abAkt der Liebe\u00bb spricht.<\/strong><\/p><p>\u00a0<\/p><p><strong>Hier sind einige der Fragen, die wir erhalten haben:<\/strong><\/p><p>\u00a0<\/p><p><strong>Ist es immer notwendig, die B\u00e4nke zu desinfizieren?<\/strong><\/p><p>Ja. \u201cAlle Kontaktfl\u00e4chen m\u00fcssen regelm\u00e4ssig gereinigt werden.&#8220; (Verordnung \u00fcber Massnahmen in der besonderen Lage zur Bek\u00e4mpfung der Covid-19-Epidemie, Anhang 1, 2.2)<\/p><p>(Siehe FAQ \u00ab<a href=\"https:\/\/diocese-lgf.ch\/de\/covid-19-haeufig-gestellte-fragen\/#hfaq-post-9303\">M\u00fcssen wir die B\u00e4nke desinfizieren?<\/a>\u00bb)<\/p><p>\u00a0<\/p><p><strong>M\u00fcssen wir auch Tische, St\u00fchle, T\u00fcren usw. nach den Sitzungen desinfizieren?<\/strong><\/p><p>Ja. (Siehe FAQ \u00ab<a href=\"https:\/\/diocese-lgf.ch\/de\/covid-19-haeufig-gestellte-fragen\/#hfaq-post-9303\">M\u00fcssen wir die B\u00e4nke desinfizieren?<\/a>\u00bb)<\/p><p>\u00a0<\/p><p><strong>Ist das Tragen einer Maske auch f\u00fcr geimpfte Personen obligatorisch?<\/strong><\/p><p>Ja. (Siehe FAQ \u00ab<a href=\"https:\/\/diocese-lgf.ch\/de\/covid-19-haeufig-gestellte-fragen\/#hfaq-post-9340\">Gibt es Ausnahmen bei der Maskenpflicht?<\/a>\u00bb)<\/p><p>\u00a0<\/p><p><strong>Muss der Lektor, Priester oder Diakon eine Maske tragen?<\/strong><\/p><p>Nein. Findet die Feier im Freien statt, ist das Tragen einer Maske nicht erforderlich. Solange die Feier in geschlossenen R\u00e4umen stattfindet, k\u00f6nnen die Akteure ihre Masken f\u00fcr die Zeit ihres \u00abAuftritts\u00bb (Lesung, Predigt, Gesang) abnehmen, wobei jedoch Schutzmassnahmen (z. B. Entfernung oder Schutz der Akteure) einzuhalten sind. Distanz wird empfohlen, ist aber nicht mehr obligatorisch. (Siehe FAQ \u00ab<a href=\"https:\/\/diocese-lgf.ch\/de\/covid-19-haeufig-gestellte-fragen\/#hfaq-post-9340\">Gibt es Ausnahmen bei der Maskenpflicht?<\/a><u>\u00bb)<\/u><\/p><p>\u00a0<\/p><p><strong>Was ist mit dem Gesang?<\/strong><\/p><p><u>Einzelner Kantor<\/u>: Der Kantor nimmt w\u00e4hrend seines Auftritts die Maske ab, trifft aber dennoch angemessene Schutzmassnahmen. Distanz wird empfohlen, ist aber nicht mehr obligatorisch. (Siehe FAQ \u00ab<a href=\"https:\/\/diocese-lgf.ch\/de\/covid-19-haeufig-gestellte-fragen\/#hfaq-post-9340\">Gibt es Ausnahmen bei der Maskenpflicht?<\/a><u>\u00bb)<\/u><\/p><p><u>Mehrere S\u00e4nger\/innen oder Ch\u00f6re<\/u>: F\u00fcr Ch\u00f6re, die in geschlossenen R\u00e4umen singen, ist ein Tracing erforderlich (vgl. Art. 20, Buchstabe d). In den Kantonen Freiburg, Genf und Neuenburg m\u00fcssen Chormitglieder keine Maske mehr tragen und den Sicherheitsabstand von 1,5 m nicht mehr einhalten (vgl. Art. 20 Buchstabe d, COVID-19-Verordnung besondere Lage vom 23.6.2021). Im Kanton Waadt ist das Tragen einer Maske f\u00fcr Chors\u00e4ngerinnen und -s\u00e4nger weiterhin obligatorisch. (Siehe FAQ \u00ab<a href=\"https:\/\/diocese-lgf.ch\/de\/covid-19-haeufig-gestellte-fragen\/#hfaq-post-9340\">Gibt es Ausnahmen bei der Maskenpflicht?<\/a>\u00bb und \u00ab<a href=\"https:\/\/diocese-lgf.ch\/de\/covid-19-haeufig-gestellte-fragen\/#hfaq-post-9311\">Was ist mit Ch\u00f6ren und Singen in der Kirche?<\/a>\u00bb)<\/p><p><u>Singen in der Gemeinde<\/u>: Dies ist immer erlaubt, wenn eine Maske getragen wird.<\/p><p>(Siehe FAQ \u00ab<a href=\"https:\/\/diocese-lgf.ch\/de\/covid-19-haeufig-gestellte-fragen\/#hfaq-post-9340\">Gibt es Ausnahmen bei der Maskenpflicht?<\/a>\u00bb und \u00ab<a href=\"https:\/\/diocese-lgf.ch\/de\/covid-19-haeufig-gestellte-fragen\/#hfaq-post-9311\">Was ist mit Ch\u00f6ren und Singen in der Kirche?<\/a>\u00bb)<\/p><p>\u00a0<\/p><p><strong>Ist das Tragen einer Maske in Sitzungen erforderlich?<\/strong><\/p><p>Es ist Sache des Arbeitgebers, zu entscheiden, wo und wann das Tragen einer Maske am Arbeitsplatz erforderlich ist.<\/p><p>\u00a0<\/p><p><strong>Kann \u00abDer Leib Christi\u00bb f\u00fcr jeden Teilnehmer bei der Kommunion wiederholt werden?<\/strong><\/p><p>Nein. Der Dialog \u00abDer Leib Christi\u00bb &#8211; \u00abAmen\u00bb wird vor der Austeilung der Kommunion gemeinsam gesprochen. (Siehe FAQ \u00ab<a href=\"https:\/\/diocese-lgf.ch\/de\/covid-19-haeufig-gestellte-fragen\/#hfaq-post-9281\">Worauf ist beim Kommunsionsempfang w\u00e4hrend des Gottesdienstes zu achten?<\/a>\u00bb)<\/p><p>\u00a0<\/p><p><strong>K\u00f6nnen wir das Covid-19-Zertifikat f\u00fcr den Zugang zu \u00f6ffentlichen Feiern verlangen?<\/strong><\/p><p>Nein. Aus Gr\u00fcnden des Schutzes der Grundrechte sollte die Bescheinigung nicht f\u00fcr religi\u00f6se Veranstaltungen (einschliesslich Beerdigungen, Hochzeiten usw.) verlangt werden.<\/p><p>\u00a0<\/p><p><strong>Kann ich das Covid-19-Zertifikat f\u00fcr den Zugang zu der liturgischen Feier einer Hochzeit verlangen?<\/strong><\/p><p>Nein (siehe vorherige Frage). Wir erinnern Sie daran, dass bei Hochzeiten, wie bei jeder anderen Feier, die Teilnehmer in der Kirche eine Maske tragen.<\/p><p>\u00a0<\/p><p><strong>Ist der Zugang zu Krankenh\u00e4usern und Rettungsdiensten von einem Covid-19-Zertifikat abh\u00e4ngig?<\/strong><\/p><p>In der Di\u00f6zese ist dieser Zugang derzeit in den Kantonen Genf und bald Freiburg und Waadt an ein Covid-19-Zertifikat gebunden. Wir bitten die Verantwortlichen f\u00fcr die betreffenden Dienste, diese Mitteilung an die Freiwilligen weiterzuleiten.<\/p><p>\u00a0<\/p><p><strong>Wie sieht es mit der R\u00fcckverfolgung bei religi\u00f6sen Feiern und Veranstaltungen aus?<\/strong><\/p><p>In der gesamten Di\u00f6zese ist das Tracing nicht mehr erforderlich, ausser f\u00fcr Ch\u00f6re, die in geschlossenen R\u00e4umen singen (vgl. Art. 20, Buchstabe d) und ausser bei Veranstaltungen, bei denen der erforderliche Mindestabstand ohne Schutzmassnahmen w\u00e4hrend l\u00e4nger als 15 Minuten nicht eingehalten werden kann (vgl. Anhang 1, 1.4). (Siehe FAQ <a href=\"https:\/\/diocese-lgf.ch\/de\/covid-19-haeufig-gestellte-fragen\/#hfaq-post-9334\">\u00abMuss eine Anwesenheitsliste der Teilnehmer an einer pastoralen Aktivit\u00e4t oder einer Sitzung im Rahmen der Kirche erstellt werden?<\/a>\u00bb)<\/p><p>\u00a0<\/p><p>Wir sind Ihnen dankbar f\u00fcr Ihr Engagement bei der Aufrechterhaltung kirchlicher Aktivit\u00e4ten unter Einhaltung der Gesundheitsstandards. Wir w\u00fcnschen Ihnen einen guten Start in das neue Pastoraljahr.<\/p><p>\u00a0<\/p><p>Z\u00f6gern Sie nicht, unsere h\u00e4ufig gestellten Fragen (<a href=\"https:\/\/diocese-lgf.ch\/de\/covid-19-haeufig-gestellte-fragen\/\">FAQ<\/a>) zu konsultieren oder unsere Di\u00f6zesanstellen zu kontaktieren:<\/p><ul><li>Waadt : Michel Racloz : 021 613 23 41<\/li><li>Genf: Silvana Bassetti, Mercedes Lopez: 022 319 43 37<\/li><li>Freiburg (Franz\u00f6sisch): V\u00e9ronique Benz, Jo\u00e3o Carita: 026 426 34 13<\/li><li>Freiburg (Deutsch): Marianne Pohl-Henzen: 026 426 34 15<\/li><li>Neuenburg: Julia Moreno: 032 720 05 61<\/li><\/ul><p><em>Freiburg, 31. August 2021<\/em><\/p><p>Die Di\u00f6zesanzelle Covid-19<\/p><p>\u00a0<\/p><p><strong>&#8222;Impfungen sind ein einfaches, aber tiefgreifendes Mittel, um das Gemeinwohl zu f\u00f6rdern und f\u00fcreinander zu sorgen, insbesondere f\u00fcr die Schw\u00e4chsten. Ich bitte Gott, dass jeder von uns sein kleines Sandkorn, seine kleine Geste der Liebe beisteuern kann&#8220;. <\/strong><strong>Papst Franziskus<\/strong>, <strong>18. August (<a href=\"https:\/\/www.vaticannews.va\/fr\/pape\/news\/2021-08\/pape-francois-message-video-vaccination.html\">Video<\/a>)<\/strong><\/p><p>\u00a0<\/p><p><em>(<a href=\"https:\/\/diocese-lgf.ch\/wp-content\/uploads\/2021\/08\/20210831_CP_COVID_rentree_pastorale_d.pdf\" target=\"_blank\" rel=\"noopener\">PDF-Version<\/a>)<\/em><\/p>\t\t\t\t\t\t\t\t<\/div>\n\t\t\t\t<\/div>\n\t\t\t\t\t<\/div>\n\t\t<\/div>\n\t\t\t\t\t<\/div>\n\t\t<\/section>\n\t\t\t\t<\/div>\n\t\t<\/div>","protected":false},"excerpt":{"rendered":"<p>Zu Beginn des neuen Pastoraljahres m\u00f6chten wir Sie an die geltenden Normen im Kampf gegen Covid-19 erinnern und im Folgenden einige Ihrer Fragen beantworten. Zu den neuen Entwicklungen geh\u00f6rt, dass [&hellip;]<\/p>\n","protected":false},"author":4,"featured_media":13166,"comment_status":"closed","ping_status":"open","sticky":false,"template":"","format":"standard","meta":{"_acf_changed":false,"footnotes":""},"categories":[41,115,16,114],"tags":[],"class_list":["post-14158","post","type-post","status-publish","format-standard","has-post-thumbnail","hentry","category-aktualitat","category-hauptmenu","category-homepage-de","category-mitteilungen"],"acf":[],"_links":{"self":[{"href":"https:\/\/diocese-lgf.ch\/de\/wp-json\/wp\/v2\/posts\/14158","targetHints":{"allow":["GET"]}}],"collection":[{"href":"https:\/\/diocese-lgf.ch\/de\/wp-json\/wp\/v2\/posts"}],"about":[{"href":"https:\/\/diocese-lgf.ch\/de\/wp-json\/wp\/v2\/types\/post"}],"author":[{"embeddable":true,"href":"https:\/\/diocese-lgf.ch\/de\/wp-json\/wp\/v2\/users\/4"}],"replies":[{"embeddable":true,"href":"https:\/\/diocese-lgf.ch\/de\/wp-json\/wp\/v2\/comments?post=14158"}],"version-history":[{"count":11,"href":"https:\/\/diocese-lgf.ch\/de\/wp-json\/wp\/v2\/posts\/14158\/revisions"}],"predecessor-version":[{"id":14174,"href":"https:\/\/diocese-lgf.ch\/de\/wp-json\/wp\/v2\/posts\/14158\/revisions\/14174"}],"wp:featuredmedia":[{"embeddable":true,"href":"https:\/\/diocese-lgf.ch\/de\/wp-json\/wp\/v2\/media\/13166"}],"wp:attachment":[{"href":"https:\/\/diocese-lgf.ch\/de\/wp-json\/wp\/v2\/media?parent=14158"}],"wp:term":[{"taxonomy":"category","embeddable":true,"href":"https:\/\/diocese-lgf.ch\/de\/wp-json\/wp\/v2\/categories?post=14158"},{"taxonomy":"post_tag","embeddable":true,"href":"https:\/\/diocese-lgf.ch\/de\/wp-json\/wp\/v2\/tags?post=14158"}],"curies":[{"name":"wp","href":"https:\/\/api.w.org\/{rel}","templated":true}]}}