{"id":10683,"date":"2021-02-01T15:00:00","date_gmt":"2021-02-01T14:00:00","guid":{"rendered":"https:\/\/diocese-lgf.emblematik.dev\/covid-19-versammlungen-von-unter-16-jaehrigen-im-rahmen-der-kirche\/"},"modified":"2021-02-04T09:15:55","modified_gmt":"2021-02-04T08:15:55","slug":"covid-19-versammlungen-von-unter-16-jaehrigen-im-rahmen-der-kirche","status":"publish","type":"post","link":"https:\/\/diocese-lgf.ch\/de\/covid-19-versammlungen-von-unter-16-jaehrigen-im-rahmen-der-kirche\/","title":{"rendered":"Covid-19: Versammlungen von unter 16-j\u00e4hrigen im Rahmen der Kirche"},"content":{"rendered":"<div class=\"pf-content\">\t\t<div data-elementor-type=\"wp-post\" data-elementor-id=\"10683\" class=\"elementor elementor-10683 elementor-10658\" data-elementor-post-type=\"post\">\n\t\t\t\t\t\t<section class=\"elementor-section elementor-top-section elementor-element elementor-element-4d4e205 elementor-section-boxed elementor-section-height-default elementor-section-height-default\" data-id=\"4d4e205\" data-element_type=\"section\" data-e-type=\"section\">\n\t\t\t\t\t\t<div class=\"elementor-container elementor-column-gap-default\">\n\t\t\t\t\t<div class=\"elementor-column elementor-col-100 elementor-top-column elementor-element elementor-element-9ae5337\" data-id=\"9ae5337\" data-element_type=\"column\" data-e-type=\"column\">\n\t\t\t<div class=\"elementor-widget-wrap elementor-element-populated\">\n\t\t\t\t\t\t<div class=\"elementor-element elementor-element-9341ec8 elementor-widget elementor-widget-text-editor\" data-id=\"9341ec8\" data-element_type=\"widget\" data-e-type=\"widget\" data-widget_type=\"text-editor.default\">\n\t\t\t\t<div class=\"elementor-widget-container\">\n\t\t\t\t\t\t\t\t\t<p><em>Mitteilung an <\/em><em>unsere pastoralen Mitarbeiter\/SE\/Pfarreien\/Sprachmissionen\/religi\u00f6sen Gemeinschaften<\/em><\/p><p>Um den wichtigen pers\u00f6nlichen Kontakt f\u00fcr Kinder und Jugendliche aufrechtzuerhalten und gleichzeitig die Gesundheitsstandards zu respektieren, macht die Di\u00f6zesanzelle Covid-19 eine Bestandsaufnahme der Situation in Bezug auf Versammlungen von unter 16-J\u00e4hrigen im Rahmen der Kirche (Katechismus, Treffen zur Vorbereitung auf die Erstkommunion, der Firmung, usw.). Sie appelliert an den gesunden Menschenverstand jedes Einzelnen, die Anzahl der Teilnehmer an die Gr\u00f6sse der R\u00e4umlichkeiten anzupassen, um den vorgegebenen Sicherheitsabstand einhalten zu k\u00f6nnen.<\/p><p><strong>Kanton Waadt<\/strong>:<\/p><p>Kinder und Jugendliche d\u00fcrfen sich in Gruppen von maximal 15 Teilnehmern treffen. Die Anwesenheit von Personen ab 16 Jahren darf jedoch 5 zus\u00e4tzliche Personen nicht \u00fcberschreiten. Die Treffen m\u00fcssen die folgenden Bedingungen erf\u00fcllen:<\/p><ul><li>Maskenpflicht ab dem Alter von 12 Jahren;<\/li><li>Vorgeschriebener Mindestabstand von 1,5 Metern;<\/li><li>Teilnehmerliste muss erstellt werden;<\/li><li>Umsetzung eines Schutzplans gem\u00e4ss den GLAJ-Richtlinien.<\/li><\/ul><p>Wenn bereits 5er-Gruppen gebildet und geplant sind, ist es am besten, mindestens bis zu den Schulferien im Februar so vorzugehen, um die Organisation der Familien nicht durcheinanderzubringen.<\/p><p><strong>Kanton Freiburg<\/strong>:<\/p><ul><li>Treffen f\u00fcr Kinder und Jugendliche unter 16 Jahren k\u00f6nnen ohne Teilnehmerbeschr\u00e4nkung und ohne Maskenpflicht stattfinden. Der Abstand von 4m\u00b2\/Pers. (empfohlener Abstand, wenn sich die Personen an einem Platz befinden) ist massgebend f\u00fcr die Anzahl der Personen, die sich in einem Raum aufhalten d\u00fcrfen. Ein Schutzkonzept muss ebenfalls erstellt werden.<\/li><\/ul><p><strong>Kanton Genf<\/strong>:<\/p><p>Wir empfehlen den Katechese-Pr\u00e4sentunterricht einzustellen und dagegen den Fernunterricht zu f\u00f6rdern. Unter bestimmten Bedingungen kann jedoch der Pr\u00e4senzunterricht stattfinden: nur Kinder unter 12 Jahren nehmen daran teilnehmen; \u00fcber ein Schutzkonzept verf\u00fcgen, der die Einhaltung der aktuellen Gesundheitsmassnahmen garantiert; ohne Verpflichtung f\u00fcr die f\u00fcr die Animation verantwortlichen Freiwilligen.<\/p><p><strong>Kanton Neuenburg<\/strong>:<\/p><ul><li>Treffen f\u00fcr Kinder und Jugendliche unter 16 Jahren k\u00f6nnen ohne Teilnehmerbeschr\u00e4nkung stattfinden. Mindestabstand von 1,50 Metern <strong>muss eingehalten werden<\/strong>. Die Gr\u00f6sse der R\u00e4umlichkeiten muss daher im Vorfeld abgekl\u00e4rt werden.<\/li><\/ul><p>Wie steht es mit <strong>Treffen Erwachsener <\/strong>im Rahmen der Kirche? Wir wiederholen, dass pers\u00f6nliche Treffen vermieden werden sollten, es sei denn, sie sind wirklich notwendig. Wenn sie nicht per Videokonferenz stattfinden k\u00f6nnen, sollten in privatem Rahmen nicht mehr als 5 Personen (inkl. Kinder) daran teilnehmen, es gilt zu jeder Zeit Maskenpflicht, mit dem vorgeschriebenem Mindestabstand sowie der Handdesinfektion und der Bel\u00fcftung des Raumes.<\/p><p><strong>Kanton Freiburg<\/strong>:<strong>\u00a0<\/strong>Die Teilnehmerbeschr\u00e4nkung von 5 Personen gilt nicht f\u00fcr Pfarreir\u00e4te. Pfarreiversammlungen sind jederzeit gestattet.<\/p><p><strong>Kanton Neuenburg<\/strong>: In Ausnahmef\u00e4llen, in denen ein pers\u00f6nliches Treffen pers\u00f6nlich stattfinden muss, betr\u00e4gt die Teilnehmerbeschr\u00e4nkung 5 Personen (Katechese, Pastoraltreffen oder andere).<\/p><p>Sie k\u00f6nnen jederzeit unsere\u00a0<a href=\"https:\/\/diocese-lgf.ch\/de\/covid-19-haeufig-gestellte-fragen\/\">h\u00e4ufig gestellten Fragen (FAQ)<\/a>\u00a0konsultieren oder sich an die di\u00f6zesane Zelle Covid-19 wenden:<\/p><ul><li>Waadt: Michel Racloz, 021 613 23 41<\/li><li>Genf: Silvana Bassetti, Mercedes Lopez, 022 319 43 37<\/li><li>Freiburg (deutsch): Marianne Pohl-Henzen, 026 426 34 15<\/li><li>Freiburg (franz\u00f6sisch): V\u00e9ronique Benz, Jo\u00e3o Carita, 026 426 34 13<\/li><li>Neuenburg: Julia Moreno, 032 720 05 61<\/li><\/ul><p>Die di\u00f6zesane Zelle Covid-19<\/p><p><em>(<a href=\"https:\/\/diocese-lgf.ch\/wp-content\/uploads\/2021\/02\/20210201_CP_COVID_reunions_jeunes_catechese_d-1.pdf\" target=\"_blank\" rel=\"noopener\">PDF-Version<\/a>)<\/em><\/p>\t\t\t\t\t\t\t\t<\/div>\n\t\t\t\t<\/div>\n\t\t\t\t\t<\/div>\n\t\t<\/div>\n\t\t\t\t\t<\/div>\n\t\t<\/section>\n\t\t\t\t<\/div>\n\t\t<\/div>","protected":false},"excerpt":{"rendered":"<p>Mitteilung an unsere pastoralen Mitarbeiter\/SE\/Pfarreien\/Sprachmissionen\/religi\u00f6sen Gemeinschaften Um den wichtigen pers\u00f6nlichen Kontakt f\u00fcr Kinder und Jugendliche aufrechtzuerhalten und gleichzeitig die Gesundheitsstandards zu respektieren, macht die Di\u00f6zesanzelle Covid-19 eine Bestandsaufnahme der Situation [&hellip;]<\/p>\n","protected":false},"author":7,"featured_media":10398,"comment_status":"closed","ping_status":"open","sticky":false,"template":"","format":"standard","meta":{"_acf_changed":false,"footnotes":""},"categories":[41,115,16,114],"tags":[],"class_list":["post-10683","post","type-post","status-publish","format-standard","has-post-thumbnail","hentry","category-aktualitat","category-hauptmenu","category-homepage-de","category-mitteilungen"],"acf":[],"_links":{"self":[{"href":"https:\/\/diocese-lgf.ch\/de\/wp-json\/wp\/v2\/posts\/10683","targetHints":{"allow":["GET"]}}],"collection":[{"href":"https:\/\/diocese-lgf.ch\/de\/wp-json\/wp\/v2\/posts"}],"about":[{"href":"https:\/\/diocese-lgf.ch\/de\/wp-json\/wp\/v2\/types\/post"}],"author":[{"embeddable":true,"href":"https:\/\/diocese-lgf.ch\/de\/wp-json\/wp\/v2\/users\/7"}],"replies":[{"embeddable":true,"href":"https:\/\/diocese-lgf.ch\/de\/wp-json\/wp\/v2\/comments?post=10683"}],"version-history":[{"count":9,"href":"https:\/\/diocese-lgf.ch\/de\/wp-json\/wp\/v2\/posts\/10683\/revisions"}],"predecessor-version":[{"id":10844,"href":"https:\/\/diocese-lgf.ch\/de\/wp-json\/wp\/v2\/posts\/10683\/revisions\/10844"}],"wp:featuredmedia":[{"embeddable":true,"href":"https:\/\/diocese-lgf.ch\/de\/wp-json\/wp\/v2\/media\/10398"}],"wp:attachment":[{"href":"https:\/\/diocese-lgf.ch\/de\/wp-json\/wp\/v2\/media?parent=10683"}],"wp:term":[{"taxonomy":"category","embeddable":true,"href":"https:\/\/diocese-lgf.ch\/de\/wp-json\/wp\/v2\/categories?post=10683"},{"taxonomy":"post_tag","embeddable":true,"href":"https:\/\/diocese-lgf.ch\/de\/wp-json\/wp\/v2\/tags?post=10683"}],"curies":[{"name":"wp","href":"https:\/\/api.w.org\/{rel}","templated":true}]}}