{"id":10287,"date":"2021-01-15T14:42:37","date_gmt":"2021-01-15T13:42:37","guid":{"rendered":"https:\/\/diocese-lgf.emblematik.dev\/covid-19-massnahmen-infolge-des-bundesratsbeschlusses-vom-13-januar-2021\/"},"modified":"2021-03-18T07:52:25","modified_gmt":"2021-03-18T06:52:25","slug":"covid-19-massnahmen-infolge-des-bundesratsbeschlusses-vom-13-januar-2021","status":"publish","type":"post","link":"https:\/\/diocese-lgf.ch\/de\/covid-19-massnahmen-infolge-des-bundesratsbeschlusses-vom-13-januar-2021\/","title":{"rendered":"Covid-19-Massnahmen infolge des Bundesratsbeschlusses vom 13. Januar 2021"},"content":{"rendered":"<div class=\"pf-content\">\t\t<div data-elementor-type=\"wp-post\" data-elementor-id=\"10287\" class=\"elementor elementor-10287 elementor-10275\" data-elementor-post-type=\"post\">\n\t\t\t\t\t\t<section class=\"elementor-section elementor-top-section elementor-element elementor-element-6a2418a elementor-section-boxed elementor-section-height-default elementor-section-height-default\" data-id=\"6a2418a\" data-element_type=\"section\" data-e-type=\"section\">\n\t\t\t\t\t\t<div class=\"elementor-container elementor-column-gap-default\">\n\t\t\t\t\t<div class=\"elementor-column elementor-col-100 elementor-top-column elementor-element elementor-element-5135c62\" data-id=\"5135c62\" data-element_type=\"column\" data-e-type=\"column\">\n\t\t\t<div class=\"elementor-widget-wrap elementor-element-populated\">\n\t\t\t\t\t\t<div class=\"elementor-element elementor-element-1064b85 elementor-widget elementor-widget-text-editor\" data-id=\"1064b85\" data-element_type=\"widget\" data-e-type=\"widget\" data-widget_type=\"text-editor.default\">\n\t\t\t\t<div class=\"elementor-widget-container\">\n\t\t\t\t\t\t\t\t\t<p><em>Mitteilung an <\/em><em>unsere pastoralen Mitarbeiter\/SE\/Pfarreien\/Sprachmissionen\/religi\u00f6sen Gemeinschaften<\/em><\/p><p><strong>Homeoffice<br \/><\/strong>Laut Bundesrat gilt Home-Office-Pflicht, mit folgenden Pr\u00e4zisierungen: \u00ab\u00a0<em>Die Arbeitgeber sind verpflichtet, Home-Office \u00fcberall dort anzuordnen, wo dies aufgrund der Art der Aktivit\u00e4t m\u00f6glich und mit verh\u00e4ltnism\u00e4ssigem Aufwand umsetzbar ist.<\/em>\u00a0\u00bb Weitere Informationen dazu erhalten sie von Ihrem Arbeitgeber.<\/p><p><strong>Versammlungen<br \/><\/strong>Pers\u00f6nliche Treffen sind zu vermeiden, es sei denn, sie sind unbedingt erforderlich. Wenn diese Treffen nicht per Videokonferenz stattfinden k\u00f6nnen, d\u00fcrfen an privaten Veranstaltungen maximal 5 Personen teilnehmen; es gilt zu jeder Zeit Maskentragepflicht, Einhaltung des vorgeschriebenen Mindestabstandes, Desinfizierung der H\u00e4nde und Bel\u00fcftung des Raumes.<\/p><p><strong>Keine \u00c4nderungen in Bezug auf religi\u00f6se Veranstaltungen<br \/><\/strong>In Bezug auf die Gottesdienste gibt es keine \u00c4nderungen, sie bleiben auf 50 Personen begrenzt und die geltenden Standards m\u00fcssen <strong>strikt <\/strong>eingehalten werden (vgl. Erinnerung unten).<\/p><p><strong>Aschenbestreuung zu Pandemiezeiten<br \/><\/strong>Die Kongregation f\u00fcr den Gottesdienst und die Sakramentenordnung hat am 12. Januar 2021 eine <a href=\"https:\/\/www.vaticannews.va\/de\/vatikan\/news\/2021-01\/covid-aschermittwoch-ritus-aenderung.html\" target=\"_blank\" rel=\"noopener\">Anordnung<\/a> ver\u00f6ffentlicht, wie Priester am Aschermittwoch inmitten der Coronavirus-Pandemie Asche verteilen k\u00f6nnen, mit dem Hinweis darauf, dass jeder k\u00f6rperliche Kontakt w\u00e4hrend dieses Rituals vermieden werden sollte.<\/p><p><strong>Erinnerung der Hygieneregeln<\/strong>:<br \/>Hygieneregeln, die sowohl von Personen, die an der Liturgie beteiligt sind als auch von den Gl\u00e4ubigen genauestens eingehalten werden m\u00fcssen:<\/p><ul><li>R\u00fcckverfolgung: Die Pfarreien m\u00fcssen ein System zur R\u00fcckverfolgbarkeit der Kontaktdaten der Gottesdienstteilnehmer ausarbeiten.<\/li><li><strong>Kein Gesang<\/strong><\/li><li><strong>Maskenpflicht w\u00e4hrend des ganzen Gottesdienstes<\/strong><\/li><li>Alle Personen, die an der Liturgie beteiligt sind, sollten als Vorbild dienen,\u00a0indem sie ihre H\u00e4nde ordnungsgem\u00e4ss desinfizieren. NB: H\u00e4nde desinfizieren nach jedem Ber\u00fchren der Maske.<\/li><li>Bei der Registrierung und bei Beginn jeder Feier muss erneut auf Hygieneregeln, Maskenpflicht, Mindestabstand und spezifische Gesundheitsvorschriften, welche w\u00e4hrend des Gottesdienstes gelten, aufmerksam gemacht werden.<\/li><li>W\u00e4hrend des gesamten eucharistischen Hochgebets werden die Hostien abgedeckt, mit Ausnahme der Hostie, die der Priester f\u00fcr die Wandlung in die Hand nimmt und die er alleine verzehrt. Konzelebranten kommunizieren per Intinktion.<\/li><li>Die Kommunionspender desinfizieren f\u00fcr alle gut sichtbar ihre H\u00e4nde, bevor sie die Kommunion austeilen, um die versammelten Gl\u00e4ubigen zu beruhigen. Der Dialog \u00abDer Leib Christi\u00bb &#8211; \u00abAmen\u00bb wird gemeinsam vor der Austeilung der Kommunion gesprochen.<\/li><li>Zum Zeitpunkt der Kommunion m\u00fcssen unter Beachtung des Mindestabstandes sowohl der Kommunionspender als auch die Gl\u00e4ubigen die Maske tragen und ihre H\u00e4nde desinfizieren.<\/li><li>Der Kommunionspender, unter Einhaltung des Mindestabstandes, l\u00e4sst die Kommunion ohne Hautkontakt in die Handfl\u00e4che der Gl\u00e4ubigen fallen. Zum Zeitpunkt des Kommunizierens d\u00fcrfen die Gl\u00e4ubigen die Maske entfernen, indem sie nur ein Gummiband abnehmen und es unmittelbar danach wieder aufsetzen, um Nase und Mund zu bedecken. Wir erinnern Sie daran, dass die Maske nicht unter das Kinn gesenkt werden sollte, da der Maskenstoff eine Kontaminationsquelle sein kann.<\/li><\/ul><p><strong><br \/>Besondere Bestimmungen je nach Kanton<\/strong>:<\/p><p><em><strong>Kanton Genf<\/strong><\/em>:<\/p><ul><li>Registrierung obligatorisch<\/li><li>Keine Mundkommunion<\/li><li>Die oben aufgef\u00fchrten sanit\u00e4ren Massnahmen sind im\u00a0<a href=\"https:\/\/www.ge.ch\/covid-19-restrictions-fermetures-autres-mesures\/chant-musique-theatre\" target=\"_blank\" rel=\"noopener\">Anhang 6 des Dekrets des Staatsrates<\/a><\/li><\/ul><p><em><strong>Kanton Waadt<\/strong><\/em>:<\/p><ul><li>Die Gl\u00e4ubigen m\u00fcssen w\u00e4hrend des ganzen Gottesdienstes an ihrem Platz bleiben.<\/li><li>Personen, die an der Liturgie beteiligt sind, werden ebenfalls zu den 50 erlaubten Personen gez\u00e4hlt.<\/li><\/ul><p><em><strong>Kantone Freiburg und Neuenburg<\/strong><\/em>:<\/p><p>Nur ein Solist kann mit gen\u00fcgend Abstand auftreten (5 m f\u00fcr Neuenburg).<\/p><p>Z\u00f6gern sie nicht, unsere <a href=\"https:\/\/diocese-lgf.ch\/de\/covid-19-haeufig-gestellte-fragen\/\">H\u00e4ufig gestellten Fragen (FAQ)<\/a> zu konsultieren oder unsere Di\u00f6zesane Zelle Covid-19 zu kontaktieren:<\/p><ul><li>Waadt: 021 613 23 41<\/li><li>Genf: 022 319 43 37<\/li><li>Freiburg: 026 426 34 13 (franz\u00f6sisch) \/ 026 426 34 15 (deutsch)<\/li><li>Neuenburg: 032 720 05 61<\/li><\/ul><p>Di\u00f6zesane Zelle Covid-19<\/p><p><em>(<a href=\"https:\/\/diocese-lgf.ch\/wp-content\/uploads\/2021\/01\/20200115_CP_COVID_communications_d-1.pdf\" target=\"_blank\" rel=\"noopener\">PDF-Version<\/a>)<\/em><\/p>\t\t\t\t\t\t\t\t<\/div>\n\t\t\t\t<\/div>\n\t\t\t\t\t<\/div>\n\t\t<\/div>\n\t\t\t\t\t<\/div>\n\t\t<\/section>\n\t\t\t\t<\/div>\n\t\t<\/div>","protected":false},"excerpt":{"rendered":"<p>Mitteilung an unsere pastoralen Mitarbeiter\/SE\/Pfarreien\/Sprachmissionen\/religi\u00f6sen Gemeinschaften HomeofficeLaut Bundesrat gilt Home-Office-Pflicht, mit folgenden Pr\u00e4zisierungen: \u00ab\u00a0Die Arbeitgeber sind verpflichtet, Home-Office \u00fcberall dort anzuordnen, wo dies aufgrund der Art der Aktivit\u00e4t m\u00f6glich und [&hellip;]<\/p>\n","protected":false},"author":7,"featured_media":10398,"comment_status":"closed","ping_status":"open","sticky":false,"template":"","format":"standard","meta":{"_acf_changed":false,"footnotes":""},"categories":[41,115,16,114],"tags":[],"class_list":["post-10287","post","type-post","status-publish","format-standard","has-post-thumbnail","hentry","category-aktualitat","category-hauptmenu","category-homepage-de","category-mitteilungen"],"acf":[],"_links":{"self":[{"href":"https:\/\/diocese-lgf.ch\/de\/wp-json\/wp\/v2\/posts\/10287","targetHints":{"allow":["GET"]}}],"collection":[{"href":"https:\/\/diocese-lgf.ch\/de\/wp-json\/wp\/v2\/posts"}],"about":[{"href":"https:\/\/diocese-lgf.ch\/de\/wp-json\/wp\/v2\/types\/post"}],"author":[{"embeddable":true,"href":"https:\/\/diocese-lgf.ch\/de\/wp-json\/wp\/v2\/users\/7"}],"replies":[{"embeddable":true,"href":"https:\/\/diocese-lgf.ch\/de\/wp-json\/wp\/v2\/comments?post=10287"}],"version-history":[{"count":20,"href":"https:\/\/diocese-lgf.ch\/de\/wp-json\/wp\/v2\/posts\/10287\/revisions"}],"predecessor-version":[{"id":11680,"href":"https:\/\/diocese-lgf.ch\/de\/wp-json\/wp\/v2\/posts\/10287\/revisions\/11680"}],"wp:featuredmedia":[{"embeddable":true,"href":"https:\/\/diocese-lgf.ch\/de\/wp-json\/wp\/v2\/media\/10398"}],"wp:attachment":[{"href":"https:\/\/diocese-lgf.ch\/de\/wp-json\/wp\/v2\/media?parent=10287"}],"wp:term":[{"taxonomy":"category","embeddable":true,"href":"https:\/\/diocese-lgf.ch\/de\/wp-json\/wp\/v2\/categories?post=10287"},{"taxonomy":"post_tag","embeddable":true,"href":"https:\/\/diocese-lgf.ch\/de\/wp-json\/wp\/v2\/tags?post=10287"}],"curies":[{"name":"wp","href":"https:\/\/api.w.org\/{rel}","templated":true}]}}