{"id":10163,"date":"2025-12-10T14:28:56","date_gmt":"2025-12-10T13:28:56","guid":{"rendered":"https:\/\/diocese-lgf.emblematik.dev\/unglueckliche-kindheit\/"},"modified":"2025-12-10T14:29:34","modified_gmt":"2025-12-10T13:29:34","slug":"unglueckliche-kindheit","status":"publish","type":"post","link":"https:\/\/diocese-lgf.ch\/de\/unglueckliche-kindheit\/","title":{"rendered":"Ungl\u00fcckliche Kindheit"},"content":{"rendered":"<div class=\"pf-content\">\t\t<div data-elementor-type=\"wp-post\" data-elementor-id=\"10163\" class=\"elementor elementor-10163 elementor-6037\" data-elementor-post-type=\"post\">\n\t\t\t\t\t\t<section class=\"elementor-section elementor-top-section elementor-element elementor-element-3e99fd1e elementor-section-boxed elementor-section-height-default elementor-section-height-default\" data-id=\"3e99fd1e\" data-element_type=\"section\" data-e-type=\"section\">\n\t\t\t\t\t\t<div class=\"elementor-container elementor-column-gap-default\">\n\t\t\t\t\t<div class=\"elementor-column elementor-col-100 elementor-top-column elementor-element elementor-element-620c2f58\" data-id=\"620c2f58\" data-element_type=\"column\" data-e-type=\"column\">\n\t\t\t<div class=\"elementor-widget-wrap elementor-element-populated\">\n\t\t\t\t\t\t<div class=\"elementor-element elementor-element-9e09964 elementor-widget elementor-widget-heading\" data-id=\"9e09964\" data-element_type=\"widget\" data-e-type=\"widget\" data-widget_type=\"heading.default\">\n\t\t\t\t<div class=\"elementor-widget-container\">\n\t\t\t\t\t<h2 class=\"elementor-heading-title elementor-size-default\">27.12.2026<\/h2>\t\t\t\t<\/div>\n\t\t\t\t<\/div>\n\t\t\t\t<div class=\"elementor-element elementor-element-6eb68838 elementor-widget elementor-widget-text-editor\" data-id=\"6eb68838\" data-element_type=\"widget\" data-e-type=\"widget\" data-widget_type=\"text-editor.default\">\n\t\t\t\t<div class=\"elementor-widget-container\">\n\t\t\t\t\t\t\t\t\t<p><em>Kollekte am Tag der unschuldigen Kinder<\/em><strong>\u00a0<\/strong><\/p>\n<p>Diese Kollekte ist f\u00fcr die Hilfe f\u00fcr Kinder oder Familien bestimmt, die finanzielle Schwierigkeiten haben, und zwar sowohl in unserer Di\u00f6zese als auch in Entwicklungsl\u00e4ndern.<\/p>\n<p>Zahlreiche M\u00fctter klopfen an die T\u00fcr der Kirche, um die Grundbed\u00fcrfnisse (Lebensmittel, Wohnen, Erziehung) f\u00fcr ihre Kinder und Familien zu decken. Oft haben sie gar kein Anrecht auf Sozialhilfe (oder nicht mehr) oder aber diese reicht nicht. Vielfach ist die Kirche die letzte Rettung f\u00fcr diese Menschen, die in unserer Gesellschaft am bed\u00fcrftigsten sind. Die Hilfe kommt oft Kindern zugute, die in alleinerziehenden Familien leben oder deren Eltern geschieden sind.<\/p>\n\t\t\t\t\t\t\t\t<\/div>\n\t\t\t\t<\/div>\n\t\t\t\t\t<\/div>\n\t\t<\/div>\n\t\t\t\t\t<\/div>\n\t\t<\/section>\n\t\t\t\t<\/div>\n\t\t<\/div>","protected":false},"excerpt":{"rendered":"<p>27.12.2026 Kollekte am Tag der unschuldigen Kinder\u00a0 Diese Kollekte ist f\u00fcr die Hilfe f\u00fcr Kinder oder Familien bestimmt, die finanzielle Schwierigkeiten haben, und zwar sowohl in unserer Di\u00f6zese als auch [&hellip;]<\/p>\n","protected":false},"author":4,"featured_media":0,"comment_status":"closed","ping_status":"open","sticky":false,"template":"","format":"standard","meta":{"_acf_changed":false,"footnotes":""},"categories":[154],"tags":[],"class_list":["post-10163","post","type-post","status-publish","format-standard","hentry","category-kollekten"],"acf":[],"_links":{"self":[{"href":"https:\/\/diocese-lgf.ch\/de\/wp-json\/wp\/v2\/posts\/10163","targetHints":{"allow":["GET"]}}],"collection":[{"href":"https:\/\/diocese-lgf.ch\/de\/wp-json\/wp\/v2\/posts"}],"about":[{"href":"https:\/\/diocese-lgf.ch\/de\/wp-json\/wp\/v2\/types\/post"}],"author":[{"embeddable":true,"href":"https:\/\/diocese-lgf.ch\/de\/wp-json\/wp\/v2\/users\/4"}],"replies":[{"embeddable":true,"href":"https:\/\/diocese-lgf.ch\/de\/wp-json\/wp\/v2\/comments?post=10163"}],"version-history":[{"count":4,"href":"https:\/\/diocese-lgf.ch\/de\/wp-json\/wp\/v2\/posts\/10163\/revisions"}],"predecessor-version":[{"id":33226,"href":"https:\/\/diocese-lgf.ch\/de\/wp-json\/wp\/v2\/posts\/10163\/revisions\/33226"}],"wp:attachment":[{"href":"https:\/\/diocese-lgf.ch\/de\/wp-json\/wp\/v2\/media?parent=10163"}],"wp:term":[{"taxonomy":"category","embeddable":true,"href":"https:\/\/diocese-lgf.ch\/de\/wp-json\/wp\/v2\/categories?post=10163"},{"taxonomy":"post_tag","embeddable":true,"href":"https:\/\/diocese-lgf.ch\/de\/wp-json\/wp\/v2\/tags?post=10163"}],"curies":[{"name":"wp","href":"https:\/\/api.w.org\/{rel}","templated":true}]}}