{"id":10077,"date":"2025-12-10T09:40:48","date_gmt":"2025-12-10T08:40:48","guid":{"rendered":"https:\/\/diocese-lgf.emblematik.dev\/kantonale-caritasverbaende-waadt-genf-freiburg-neuenburg-2\/"},"modified":"2025-12-10T09:41:34","modified_gmt":"2025-12-10T08:41:34","slug":"kantonale-caritasverbaende-waadt-genf-freiburg-neuenburg-2","status":"publish","type":"post","link":"https:\/\/diocese-lgf.ch\/de\/kantonale-caritasverbaende-waadt-genf-freiburg-neuenburg-2\/","title":{"rendered":"Kantonale Caritasverb\u00e4nde"},"content":{"rendered":"<div class=\"pf-content\">\t\t<div data-elementor-type=\"wp-post\" data-elementor-id=\"10077\" class=\"elementor elementor-10077 elementor-5867\" data-elementor-post-type=\"post\">\n\t\t\t\t\t\t<section class=\"elementor-section elementor-top-section elementor-element elementor-element-3e99fd1e elementor-section-boxed elementor-section-height-default elementor-section-height-default\" data-id=\"3e99fd1e\" data-element_type=\"section\" data-e-type=\"section\">\n\t\t\t\t\t\t<div class=\"elementor-container elementor-column-gap-default\">\n\t\t\t\t\t<div class=\"elementor-column elementor-col-100 elementor-top-column elementor-element elementor-element-620c2f58\" data-id=\"620c2f58\" data-element_type=\"column\" data-e-type=\"column\">\n\t\t\t<div class=\"elementor-widget-wrap elementor-element-populated\">\n\t\t\t\t\t\t<div class=\"elementor-element elementor-element-97f784d elementor-widget elementor-widget-heading\" data-id=\"97f784d\" data-element_type=\"widget\" data-e-type=\"widget\" data-widget_type=\"heading.default\">\n\t\t\t\t<div class=\"elementor-widget-container\">\n\t\t\t\t\t<h2 class=\"elementor-heading-title elementor-size-default\">10.05.2026 und 24.05.2026<\/h2>\t\t\t\t<\/div>\n\t\t\t\t<\/div>\n\t\t\t\t<div class=\"elementor-element elementor-element-6eb68838 elementor-widget elementor-widget-text-editor\" data-id=\"6eb68838\" data-element_type=\"widget\" data-e-type=\"widget\" data-widget_type=\"text-editor.default\">\n\t\t\t\t<div class=\"elementor-widget-container\">\n\t\t\t\t\t\t\t\t\t<p><a href=\"https:\/\/www.caritas.ch\/de\/startseite.html\" target=\"_blank\" rel=\"noopener\">Caritas<\/a> setzt sich daf\u00fcr ein, eine gerechte, tolerante und solidarische Gesellschaft zu f\u00f6rdern. Ihre Aufgabe ist es, Einzelne und Familien, die in sozialen Schwierigkeiten leben, aufzunehmen, zu begleiten und zu vertreten.<strong>\u00a0<\/strong><\/p>\n<p>Caritas bietet an: soziale Sprechstunden und individuelle Betreuung f\u00fcr Einzelne oder Familien, die vor finanziellen oder pers\u00f6nlichen Schwierigkeiten stehen; ein rechtlicher und sozialer Beratungsdienst f\u00fcr Asylsuchende und andere Programme f\u00fcr die soziale und berufliche Wiedereingliederung. Zudem gibt es die Caritas-L\u00e4den, die f\u00fcr von Armut betroffene Menschen offen sind und ihnen Grundprodukte anbieten, die 30 bis 50% g\u00fcnstiger sind als in den normalen Gesch\u00e4ften.<\/p>\n<p>Das Ergebnis der Kollekten ist generell f\u00fcr den missionarischen Auftrag von Caritas bestimmt.<\/p>\n\t\t\t\t\t\t\t\t<\/div>\n\t\t\t\t<\/div>\n\t\t\t\t\t<\/div>\n\t\t<\/div>\n\t\t\t\t\t<\/div>\n\t\t<\/section>\n\t\t\t\t<\/div>\n\t\t<\/div>","protected":false},"excerpt":{"rendered":"<p>10.05.2026 und 24.05.2026 Caritas setzt sich daf\u00fcr ein, eine gerechte, tolerante und solidarische Gesellschaft zu f\u00f6rdern. Ihre Aufgabe ist es, Einzelne und Familien, die in sozialen Schwierigkeiten leben, aufzunehmen, zu [&hellip;]<\/p>\n","protected":false},"author":4,"featured_media":0,"comment_status":"closed","ping_status":"open","sticky":false,"template":"","format":"standard","meta":{"_acf_changed":false,"footnotes":""},"categories":[154],"tags":[],"class_list":["post-10077","post","type-post","status-publish","format-standard","hentry","category-kollekten"],"acf":[],"_links":{"self":[{"href":"https:\/\/diocese-lgf.ch\/de\/wp-json\/wp\/v2\/posts\/10077","targetHints":{"allow":["GET"]}}],"collection":[{"href":"https:\/\/diocese-lgf.ch\/de\/wp-json\/wp\/v2\/posts"}],"about":[{"href":"https:\/\/diocese-lgf.ch\/de\/wp-json\/wp\/v2\/types\/post"}],"author":[{"embeddable":true,"href":"https:\/\/diocese-lgf.ch\/de\/wp-json\/wp\/v2\/users\/4"}],"replies":[{"embeddable":true,"href":"https:\/\/diocese-lgf.ch\/de\/wp-json\/wp\/v2\/comments?post=10077"}],"version-history":[{"count":8,"href":"https:\/\/diocese-lgf.ch\/de\/wp-json\/wp\/v2\/posts\/10077\/revisions"}],"predecessor-version":[{"id":33089,"href":"https:\/\/diocese-lgf.ch\/de\/wp-json\/wp\/v2\/posts\/10077\/revisions\/33089"}],"wp:attachment":[{"href":"https:\/\/diocese-lgf.ch\/de\/wp-json\/wp\/v2\/media?parent=10077"}],"wp:term":[{"taxonomy":"category","embeddable":true,"href":"https:\/\/diocese-lgf.ch\/de\/wp-json\/wp\/v2\/categories?post=10077"},{"taxonomy":"post_tag","embeddable":true,"href":"https:\/\/diocese-lgf.ch\/de\/wp-json\/wp\/v2\/tags?post=10077"}],"curies":[{"name":"wp","href":"https:\/\/api.w.org\/{rel}","templated":true}]}}