{"id":10068,"date":"2025-12-10T09:37:08","date_gmt":"2025-12-10T08:37:08","guid":{"rendered":"https:\/\/diocese-lgf.emblematik.dev\/beratungsdienst-fuer-eltern\/"},"modified":"2025-12-10T09:37:49","modified_gmt":"2025-12-10T08:37:49","slug":"beratungsdienst-fuer-eltern","status":"publish","type":"post","link":"https:\/\/diocese-lgf.ch\/de\/beratungsdienst-fuer-eltern\/","title":{"rendered":"Beratungsdienst f\u00fcr Eltern"},"content":{"rendered":"<div class=\"pf-content\">\t\t<div data-elementor-type=\"wp-post\" data-elementor-id=\"10068\" class=\"elementor elementor-10068 elementor-5957\" data-elementor-post-type=\"post\">\n\t\t\t\t\t\t<section class=\"elementor-section elementor-top-section elementor-element elementor-element-3e99fd1e elementor-section-boxed elementor-section-height-default elementor-section-height-default\" data-id=\"3e99fd1e\" data-element_type=\"section\" data-e-type=\"section\">\n\t\t\t\t\t\t<div class=\"elementor-container elementor-column-gap-default\">\n\t\t\t\t\t<div class=\"elementor-column elementor-col-100 elementor-top-column elementor-element elementor-element-620c2f58\" data-id=\"620c2f58\" data-element_type=\"column\" data-e-type=\"column\">\n\t\t\t<div class=\"elementor-widget-wrap elementor-element-populated\">\n\t\t\t\t\t\t<div class=\"elementor-element elementor-element-4ef14dc elementor-widget elementor-widget-heading\" data-id=\"4ef14dc\" data-element_type=\"widget\" data-e-type=\"widget\" data-widget_type=\"heading.default\">\n\t\t\t\t<div class=\"elementor-widget-container\">\n\t\t\t\t\t<h2 class=\"elementor-heading-title elementor-size-default\">10.05.2026<\/h2>\t\t\t\t<\/div>\n\t\t\t\t<\/div>\n\t\t\t\t<div class=\"elementor-element elementor-element-6eb68838 elementor-widget elementor-widget-text-editor\" data-id=\"6eb68838\" data-element_type=\"widget\" data-e-type=\"widget\" data-widget_type=\"text-editor.default\">\n\t\t\t\t<div class=\"elementor-widget-container\">\n\t\t\t\t\t\t\t\t\t<p><em>(Die Kollekte wird nur im deutschsprachigen Teil des Kantons Freiburg durchgef\u00fchrt)<\/em><em>\u00a0<\/em><\/p>\n<p>Der <a href=\"https:\/\/www.spitexsense.ch\/Dienstleistungen\/Muetter-und-Vaeterberatung\/PHozR\/\" target=\"_blank\" rel=\"noopener\">Verein \u00abM\u00fctter- und V\u00e4terberatung des Sensebezirks\u00bb<\/a> wurde urspr\u00fcnglich von kirchlichen Kreisen gegr\u00fcndet und bietet jungen Eltern professionelle Unterst\u00fctzung und Beratung. Er hat seinen Sitz im Sensebezirk und organisiert auf Wunsch gratis Hausbesuche oder Sprechstunden f\u00fcr Eltern (von Kleinkindern bis zu f\u00fcnf Jahren). Wir bitten Sie um Unterst\u00fctzung f\u00fcr diesen Verein, der von Spenden und F\u00f6rdermitteln lebt.<\/p>\n\t\t\t\t\t\t\t\t<\/div>\n\t\t\t\t<\/div>\n\t\t\t\t\t<\/div>\n\t\t<\/div>\n\t\t\t\t\t<\/div>\n\t\t<\/section>\n\t\t\t\t<\/div>\n\t\t<\/div>","protected":false},"excerpt":{"rendered":"<p>10.05.2026 (Die Kollekte wird nur im deutschsprachigen Teil des Kantons Freiburg durchgef\u00fchrt)\u00a0 Der Verein \u00abM\u00fctter- und V\u00e4terberatung des Sensebezirks\u00bb wurde urspr\u00fcnglich von kirchlichen Kreisen gegr\u00fcndet und bietet jungen Eltern professionelle [&hellip;]<\/p>\n","protected":false},"author":4,"featured_media":0,"comment_status":"closed","ping_status":"open","sticky":false,"template":"","format":"standard","meta":{"_acf_changed":false,"footnotes":""},"categories":[154],"tags":[],"class_list":["post-10068","post","type-post","status-publish","format-standard","hentry","category-kollekten"],"acf":[],"_links":{"self":[{"href":"https:\/\/diocese-lgf.ch\/de\/wp-json\/wp\/v2\/posts\/10068","targetHints":{"allow":["GET"]}}],"collection":[{"href":"https:\/\/diocese-lgf.ch\/de\/wp-json\/wp\/v2\/posts"}],"about":[{"href":"https:\/\/diocese-lgf.ch\/de\/wp-json\/wp\/v2\/types\/post"}],"author":[{"embeddable":true,"href":"https:\/\/diocese-lgf.ch\/de\/wp-json\/wp\/v2\/users\/4"}],"replies":[{"embeddable":true,"href":"https:\/\/diocese-lgf.ch\/de\/wp-json\/wp\/v2\/comments?post=10068"}],"version-history":[{"count":6,"href":"https:\/\/diocese-lgf.ch\/de\/wp-json\/wp\/v2\/posts\/10068\/revisions"}],"predecessor-version":[{"id":33079,"href":"https:\/\/diocese-lgf.ch\/de\/wp-json\/wp\/v2\/posts\/10068\/revisions\/33079"}],"wp:attachment":[{"href":"https:\/\/diocese-lgf.ch\/de\/wp-json\/wp\/v2\/media?parent=10068"}],"wp:term":[{"taxonomy":"category","embeddable":true,"href":"https:\/\/diocese-lgf.ch\/de\/wp-json\/wp\/v2\/categories?post=10068"},{"taxonomy":"post_tag","embeddable":true,"href":"https:\/\/diocese-lgf.ch\/de\/wp-json\/wp\/v2\/tags?post=10068"}],"curies":[{"name":"wp","href":"https:\/\/api.w.org\/{rel}","templated":true}]}}