{"id":10010,"date":"2021-01-08T10:52:22","date_gmt":"2021-01-08T09:52:22","guid":{"rendered":"https:\/\/diocese-lgf.emblematik.dev\/solidaritaet-zwischen-den-pfarreien\/"},"modified":"2025-12-10T09:13:54","modified_gmt":"2025-12-10T08:13:54","slug":"solidaritaet-zwischen-den-pfarreien","status":"publish","type":"post","link":"https:\/\/diocese-lgf.ch\/de\/solidaritaet-zwischen-den-pfarreien\/","title":{"rendered":"Solidarit\u00e4t zwischen den Pfarreien"},"content":{"rendered":"<div class=\"pf-content\">\t\t<div data-elementor-type=\"wp-post\" data-elementor-id=\"10010\" class=\"elementor elementor-10010 elementor-5844\" data-elementor-post-type=\"post\">\n\t\t\t\t\t\t<section class=\"elementor-section elementor-top-section elementor-element elementor-element-3e99fd1e elementor-section-boxed elementor-section-height-default elementor-section-height-default\" data-id=\"3e99fd1e\" data-element_type=\"section\" data-e-type=\"section\">\n\t\t\t\t\t\t<div class=\"elementor-container elementor-column-gap-default\">\n\t\t\t\t\t<div class=\"elementor-column elementor-col-100 elementor-top-column elementor-element elementor-element-620c2f58\" data-id=\"620c2f58\" data-element_type=\"column\" data-e-type=\"column\">\n\t\t\t<div class=\"elementor-widget-wrap elementor-element-populated\">\n\t\t\t\t\t\t<div class=\"elementor-element elementor-element-6cf0a32 elementor-widget elementor-widget-heading\" data-id=\"6cf0a32\" data-element_type=\"widget\" data-e-type=\"widget\" data-widget_type=\"heading.default\">\n\t\t\t\t<div class=\"elementor-widget-container\">\n\t\t\t\t\t<h2 class=\"elementor-heading-title elementor-size-default\">15.02.2026<\/h2>\t\t\t\t<\/div>\n\t\t\t\t<\/div>\n\t\t\t\t<div class=\"elementor-element elementor-element-6eb68838 elementor-widget elementor-widget-text-editor\" data-id=\"6eb68838\" data-element_type=\"widget\" data-e-type=\"widget\" data-widget_type=\"text-editor.default\">\n\t\t\t\t<div class=\"elementor-widget-container\">\n\t\t\t\t\t\t\t\t\t<p>Die Ortsgemeinden der Di\u00f6zese befinden sich in unterschiedlichen finanziellen Lagen, sodass die \u00e4rmsten Pfarreien oft nicht die Mittel haben, ihre Pastoralprojekte durchzuf\u00fchren.<\/p>\n<p>Diese Kollekte ist eine Geste der Solidarit\u00e4t: Der gesammelte Betrag wird zur Unterst\u00fctzung von \u00f6rtlichen Pastoralinitiativen von Ortsgemeinden verwendet, deren Mittel nicht ausreichen.<\/p>\n\t\t\t\t\t\t\t\t<\/div>\n\t\t\t\t<\/div>\n\t\t\t\t\t<\/div>\n\t\t<\/div>\n\t\t\t\t\t<\/div>\n\t\t<\/section>\n\t\t\t\t<\/div>\n\t\t<\/div>","protected":false},"excerpt":{"rendered":"<p>15.02.2026 Die Ortsgemeinden der Di\u00f6zese befinden sich in unterschiedlichen finanziellen Lagen, sodass die \u00e4rmsten Pfarreien oft nicht die Mittel haben, ihre Pastoralprojekte durchzuf\u00fchren. Diese Kollekte ist eine Geste der Solidarit\u00e4t: [&hellip;]<\/p>\n","protected":false},"author":4,"featured_media":0,"comment_status":"closed","ping_status":"open","sticky":false,"template":"","format":"standard","meta":{"_acf_changed":false,"footnotes":""},"categories":[154],"tags":[],"class_list":["post-10010","post","type-post","status-publish","format-standard","hentry","category-kollekten"],"acf":[],"_links":{"self":[{"href":"https:\/\/diocese-lgf.ch\/de\/wp-json\/wp\/v2\/posts\/10010","targetHints":{"allow":["GET"]}}],"collection":[{"href":"https:\/\/diocese-lgf.ch\/de\/wp-json\/wp\/v2\/posts"}],"about":[{"href":"https:\/\/diocese-lgf.ch\/de\/wp-json\/wp\/v2\/types\/post"}],"author":[{"embeddable":true,"href":"https:\/\/diocese-lgf.ch\/de\/wp-json\/wp\/v2\/users\/4"}],"replies":[{"embeddable":true,"href":"https:\/\/diocese-lgf.ch\/de\/wp-json\/wp\/v2\/comments?post=10010"}],"version-history":[{"count":6,"href":"https:\/\/diocese-lgf.ch\/de\/wp-json\/wp\/v2\/posts\/10010\/revisions"}],"predecessor-version":[{"id":33036,"href":"https:\/\/diocese-lgf.ch\/de\/wp-json\/wp\/v2\/posts\/10010\/revisions\/33036"}],"wp:attachment":[{"href":"https:\/\/diocese-lgf.ch\/de\/wp-json\/wp\/v2\/media?parent=10010"}],"wp:term":[{"taxonomy":"category","embeddable":true,"href":"https:\/\/diocese-lgf.ch\/de\/wp-json\/wp\/v2\/categories?post=10010"},{"taxonomy":"post_tag","embeddable":true,"href":"https:\/\/diocese-lgf.ch\/de\/wp-json\/wp\/v2\/tags?post=10010"}],"curies":[{"name":"wp","href":"https:\/\/api.w.org\/{rel}","templated":true}]}}